{"id":836,"date":"2015-07-16T15:58:15","date_gmt":"2015-07-16T14:58:15","guid":{"rendered":"http:\/\/utcaifoci.hu\/?p=836"},"modified":"2015-07-16T15:58:15","modified_gmt":"2015-07-16T14:58:15","slug":"edzeseink-uj-idopontban","status":"publish","type":"post","link":"https:\/\/utcaifoci.hu\/?p=836","title":{"rendered":"Edz\u00e9seink \u00faj id\u0151pontban!"},"content":{"rendered":"<div>Az akt\u00edv felk\u00e9sz\u00fcl\u00e9si id\u0151szakban heti 3 edz\u00e9s\u00fcnk van. szerd\u00e1n \u00e9s cs\u00fct\u00f6rt\u00f6k\u00f6n \u00faj helysz\u00ednen \u00e9s id\u0151pontban:<\/div>\n<div><\/div>\n<div>Szerda \u00a0 ifi 17.00, \u00a0feln\u0151tt 18.30 \u00a0Margit h\u00edd budai h\u00eddf\u0151j\u00e9n\u00e9l l\u00e9v\u0151 park<\/div>\n<div><\/div>\n<div>Cs\u00fct\u00f6rt\u00f6k \u00a0ifi \u00e9s feln\u0151tt egy\u00fctt 18.30 \u00a0Margit h\u00edd budai h\u00eddf\u0151j\u00e9n\u00e9l l\u00e9v\u0151 park<\/div>\n<div><\/div>\n<div>A szerdai, cs\u00fct\u00f6rt\u00f6ki helysz\u00edn pontos c\u00edme. Bp. II. ker. \u00c1rp\u00e1d Fejedelem u 2.<\/div>\n<div><\/div>\n<p><iframe loading=\"lazy\" style=\"border: 0;\" src=\"https:\/\/www.google.com\/maps\/embed?pb=!1m18!1m12!1m3!1d2694.671118308918!2d19.038237200000008!3d47.5157958!2m3!1f0!2f0!3f0!3m2!1i1024!2i768!4f13.1!3m3!1m2!1s0x4741dc03c4e547bb%3A0x5443660c94db800f!2zw4FycMOhZCBmZWplZGVsZW0gw7p0amEgMiwgQnVkYXBlc3QsIDEwMjMgTWFneWFyb3JzesOhZw!5e0!3m2!1shu!2sus!4v1437058331045\" frameborder=\"0\" width=\"500\" height=\"450\"><\/iframe><\/p>\n<div><\/div>\n<div>Szombaton a szokott helysz\u00ednen a Margitsziget Atl\u00e9tikai Centrum-ban<\/div>\n<div><\/div>\n<div>Szombat \u00a0 \u00a0 \u00a0 \u00a0 \u00a0 09.00 \u00a0 \u00a0 Margitsziget Atl\u00e9tikai Centrum<\/div>\n","protected":false},"excerpt":{"rendered":"<p>Az akt\u00edv felk\u00e9sz\u00fcl\u00e9si id\u0151szakban heti 3 edz\u00e9s\u00fcnk van. szerd\u00e1n \u00e9s cs\u00fct\u00f6rt\u00f6k\u00f6n \u00faj helysz\u00ednen \u00e9s id\u0151pontban: Szerda \u00a0 ifi 17.00, \u00a0feln\u0151tt 18.30 \u00a0Margit h\u00edd budai h\u00eddf\u0151j\u00e9n\u00e9l l\u00e9v\u0151 park Cs\u00fct\u00f6rt\u00f6k \u00a0ifi \u00e9s feln\u0151tt egy\u00fctt 18.30 \u00a0Margit h\u00edd budai h\u00eddf\u0151j\u00e9n\u00e9l l\u00e9v\u0151 park A szerdai, cs\u00fct\u00f6rt\u00f6ki helysz\u00edn pontos c\u00edme. Bp. II. ker. \u00c1rp\u00e1d Fejedelem u 2. Szombaton a szokott &hellip; <a href=\"https:\/\/utcaifoci.hu\/?p=836\" class=\"more-link\">Continue reading <span class=\"screen-reader-text\">Edz\u00e9seink \u00faj id\u0151pontban!<\/span> <span class=\"meta-nav\">&rarr;<\/span><\/a><\/p>\n","protected":false},"author":1,"featured_media":0,"comment_status":"open","ping_status":"open","sticky":false,"template":"","format":"standard","meta":{"footnotes":""},"categories":[],"tags":[],"class_list":["post-836","post","type-post","status-publish","format-standard","hentry"],"_links":{"self":[{"href":"https:\/\/utcaifoci.hu\/index.php?rest_route=\/wp\/v2\/posts\/836","targetHints":{"allow":["GET"]}}],"collection":[{"href":"https:\/\/utcaifoci.hu\/index.php?rest_route=\/wp\/v2\/posts"}],"about":[{"href":"https:\/\/utcaifoci.hu\/index.php?rest_route=\/wp\/v2\/types\/post"}],"author":[{"embeddable":true,"href":"https:\/\/utcaifoci.hu\/index.php?rest_route=\/wp\/v2\/users\/1"}],"replies":[{"embeddable":true,"href":"https:\/\/utcaifoci.hu\/index.php?rest_route=%2Fwp%2Fv2%2Fcomments&post=836"}],"version-history":[{"count":3,"href":"https:\/\/utcaifoci.hu\/index.php?rest_route=\/wp\/v2\/posts\/836\/revisions"}],"predecessor-version":[{"id":839,"href":"https:\/\/utcaifoci.hu\/index.php?rest_route=\/wp\/v2\/posts\/836\/revisions\/839"}],"wp:attachment":[{"href":"https:\/\/utcaifoci.hu\/index.php?rest_route=%2Fwp%2Fv2%2Fmedia&parent=836"}],"wp:term":[{"taxonomy":"category","embeddable":true,"href":"https:\/\/utcaifoci.hu\/index.php?rest_route=%2Fwp%2Fv2%2Fcategories&post=836"},{"taxonomy":"post_tag","embeddable":true,"href":"https:\/\/utcaifoci.hu\/index.php?rest_route=%2Fwp%2Fv2%2Ftags&post=836"}],"curies":[{"name":"wp","href":"https:\/\/api.w.org\/{rel}","templated":true}]}}