{"id":750,"date":"2013-08-20T19:48:07","date_gmt":"2013-08-20T18:48:07","guid":{"rendered":"http:\/\/utcaifoci.hu\/?p=750"},"modified":"2013-08-21T08:56:33","modified_gmt":"2013-08-21T07:56:33","slug":"itt-a-vege-fuss-el-vele","status":"publish","type":"post","link":"https:\/\/utcaifoci.hu\/?p=750","title":{"rendered":"Itt a v\u00e9ge, fuss el v\u00e9le!"},"content":{"rendered":"<p><span class=\"fbPhotoCaptionText\">Ma k\u00e9tszer is felcsend\u00fclt a magyar himnusz az 59 csapat r\u00e9szv\u00e9tel\u00e9vel megrendez\u00e9sre ker\u00fclt Poznani bajnoks\u00e1g z\u00e1r\u00f3 napj\u00e1n. Megb\u0171nh\u0151dt\u00fck a m\u00faltat \u00e9s a j\u00f6vend\u0151t is, \u00e9s b\u00e1r mindannyian alaposan elkeseredt\u00fcnk a v\u00e9g\u00e9re, az\u00e9rt annyira m\u00e9gsem, mint az szok\u00e1s n\u00e1lunk, \u00edgy h\u00e1t mindk\u00e9t m\u00e9rk\u0151z\u00e9s\u00fcnket megnyert\u00fck.<br \/>\n<\/span><br \/>\n<iframe loading=\"lazy\" src=\"\/\/www.youtube.com\/embed\/4CuNQgBk7ko\" frameborder=\"0\" width=\"500\" height=\"281\"><\/iframe><\/p>\n<p>Vid\u00e1man indulunk hamarosan haza mindazzal, amit itt, Poznanban szerezt\u00fcnk, holnap kor\u00e1n reggel, pontosabban hajnalban.<br \/>\nEz\u00e9rt arra k\u00e9rtem a fi\u00fakat-l\u00e1nyokat, m\u00e1r most este pakoljanak be.<br \/>\nHogy ne hagyjunk itt semmit, list\u00e1t k\u00e9sz\u00edt\u00fcnk, mi az, amit itt kaptunk \u00e9s elvisz\u00fcnk magunkkal.<br \/>\n1. A meccsek hangulata, ahogyan egyre n\u0151tt a fesz\u00fclts\u00e9g \u00e9s a temp\u00f3, ahogy egyre k\u00f6zelebb ker\u00fclt\u00fcnk a d\u00f6nt\u0151 napj\u00e1hoz, a v\u00e9gs\u0151 m\u00e9rk\u0151z\u00e9shez.<br \/>\n2. A szurkol\u00f3k mosolya, akik eleinte kevesen voltak, legink\u00e1bb magyarok a magyaroknak, majd csatlakoztak a rom\u00e1nok, bolg\u00e1rok, k\u00e9s\u0151bb a hollandok, majd a chileiek&#8230; a mexik\u00f3-magyar el\u0151d\u00f6nt\u0151n pedig m\u00e1r legal\u00e1bb 10 csapat nek\u00fcnk drukkolt.<br \/>\n3. A gy\u0151zelem \u00e9des \u00edze, amelyet eleinte mindk\u00e9t csapat \u00e9rzett, azt\u00e1n egy ideig csak a l\u00e1nyok<br \/>\n4. A veres\u00e9g keser\u0171s\u00e9ge, \u00e9s a talpra\u00e1ll\u00e1s f\u00e1jdalma, a vesztesek ereje&#8230; vannak leck\u00e9k, amiket nem lehet a dobog\u00f3 legfels\u0151 fok\u00e1n megtanulni \u2013 most kaptunk abb\u00f3l is egy nagy adagot.<br \/>\n5. \u00c9s a t\u00e1rgyi eml\u00e9kek: egy plakett \u00e9s \u00e9rmek a fi\u00faknak a 21. hely\u00e9rt, illetve egy plakett \u00e9s \u00e9rmek a l\u00e1nyoknak a harmadik hely\u00e9rt, mert IGEN, BRONZ\u00c9RMESEK LETTEK! A meccset a kirgizek ellen nem \u00edrom le, n\u00e9zz\u00e9tek meg, \u00e9lvezkedjetek ti is, b\u00e1r annyira nem fogtok izgulni, mint mi a p\u00e1lya mellett \u00e9s \u0151k a p\u00e1ly\u00e1n&#8230;<br \/>\n6. \u00c9s a r\u00e1ad\u00e1s: \u00dcveges Katalin (24, HUN) lett a torna legjobb n\u0151i j\u00e1t\u00e9kosa. D\u00edja a dics\u00f3s\u00e9g, elismer\u00e9s \u00e9s egy \u00fcveg focilabda.<\/p>\n<p>Mivel nagy keletje \u00e9s \u00e9rt\u00e9ke van a magyar mezeknek, megy a csere-bere, szinte minden csapatb\u00f3l megkerestek m\u00e1r minket, a j\u00e1t\u00e9kosokat. Magasan \u00e1llunk a t\u0151zsd\u00e9n :-), egy magyar gatya \u00e9rhet k\u00e9t olaszt is, vagy egy lengyelt \u00e9s egy argentint&#8230; nem is csoda, ilyen j\u00e1t\u00e9kosok mellett!<\/p>\n<p>Ezen k\u00edv\u00fcl p\u00e1r focilabd\u00e1val \u00e9s apr\u00f3s\u00e1gokkal lett\u00fcnk gazdagabbak&#8230; k\u00f6sz\u00f6nj\u00fck Poznan ezt a felejthetetlen hetet, az izzads\u00e1got, k\u00f6nnyeket, mosolyokat&#8230;<br \/>\nHa Isten is \u00fagy akarja, j\u00f6v\u0151re Chil\u00e9ben \u00fajra megpr\u00f3b\u00e1ljuk a lehetetlent \ud83d\ude42<br \/>\nAddig rengeteg dolgos nap, adom\u00e1nygy\u0171jt\u0151 tal\u00e1lkoz\u00f3, szponzorkeres\u0151 h\u00edv\u00e1s van m\u00e9g h\u00e1tra, illetve el\u0151re, mindig csak el\u0151re.<\/p>\n<p><span class=\"fbPhotoCaptionText\">Hajr\u00e1 Magyarorsz\u00e1g!<\/span><\/p>\n<p><a href=\"https:\/\/www.facebook.com\/media\/set\/?set=a.553041821411920.1073741852.262757147107057&amp;type=1\">Itt a v\u00e9ge, fuss el v\u00e9le!<\/a>.<\/p>\n","protected":false},"excerpt":{"rendered":"<p>Ma k\u00e9tszer is felcsend\u00fclt a magyar himnusz az 59 csapat r\u00e9szv\u00e9tel\u00e9vel megrendez\u00e9sre ker\u00fclt Poznani bajnoks\u00e1g z\u00e1r\u00f3 napj\u00e1n. Megb\u0171nh\u0151dt\u00fck a m\u00faltat \u00e9s a j\u00f6vend\u0151t is, \u00e9s b\u00e1r mindannyian alaposan elkeseredt\u00fcnk a v\u00e9g\u00e9re, az\u00e9rt annyira m\u00e9gsem, mint az szok\u00e1s n\u00e1lunk, \u00edgy h\u00e1t mindk\u00e9t m\u00e9rk\u0151z\u00e9s\u00fcnket megnyert\u00fck. Vid\u00e1man indulunk hamarosan haza mindazzal, amit itt, Poznanban szerezt\u00fcnk, holnap kor\u00e1n reggel, &hellip; <a href=\"https:\/\/utcaifoci.hu\/?p=750\" class=\"more-link\">Continue reading <span class=\"screen-reader-text\">Itt a v\u00e9ge, fuss el v\u00e9le!<\/span> <span class=\"meta-nav\">&rarr;<\/span><\/a><\/p>\n","protected":false},"author":1,"featured_media":0,"comment_status":"open","ping_status":"open","sticky":false,"template":"","format":"standard","meta":{"footnotes":""},"categories":[10],"tags":[],"class_list":["post-750","post","type-post","status-publish","format-standard","hentry","category-hwc"],"_links":{"self":[{"href":"https:\/\/utcaifoci.hu\/index.php?rest_route=\/wp\/v2\/posts\/750","targetHints":{"allow":["GET"]}}],"collection":[{"href":"https:\/\/utcaifoci.hu\/index.php?rest_route=\/wp\/v2\/posts"}],"about":[{"href":"https:\/\/utcaifoci.hu\/index.php?rest_route=\/wp\/v2\/types\/post"}],"author":[{"embeddable":true,"href":"https:\/\/utcaifoci.hu\/index.php?rest_route=\/wp\/v2\/users\/1"}],"replies":[{"embeddable":true,"href":"https:\/\/utcaifoci.hu\/index.php?rest_route=%2Fwp%2Fv2%2Fcomments&post=750"}],"version-history":[{"count":5,"href":"https:\/\/utcaifoci.hu\/index.php?rest_route=\/wp\/v2\/posts\/750\/revisions"}],"predecessor-version":[{"id":755,"href":"https:\/\/utcaifoci.hu\/index.php?rest_route=\/wp\/v2\/posts\/750\/revisions\/755"}],"wp:attachment":[{"href":"https:\/\/utcaifoci.hu\/index.php?rest_route=%2Fwp%2Fv2%2Fmedia&parent=750"}],"wp:term":[{"taxonomy":"category","embeddable":true,"href":"https:\/\/utcaifoci.hu\/index.php?rest_route=%2Fwp%2Fv2%2Fcategories&post=750"},{"taxonomy":"post_tag","embeddable":true,"href":"https:\/\/utcaifoci.hu\/index.php?rest_route=%2Fwp%2Fv2%2Ftags&post=750"}],"curies":[{"name":"wp","href":"https:\/\/api.w.org\/{rel}","templated":true}]}}