{"id":743,"date":"2013-08-17T22:39:08","date_gmt":"2013-08-17T21:39:08","guid":{"rendered":"http:\/\/utcaifoci.hu\/?p=743"},"modified":"2013-08-21T08:42:58","modified_gmt":"2013-08-21T07:42:58","slug":"az-egyik-szemem-sir-a-masik","status":"publish","type":"post","link":"https:\/\/utcaifoci.hu\/?p=743","title":{"rendered":"Az egyik szemem s\u00edr, a m\u00e1sik&#8230;"},"content":{"rendered":"<p><span>Nevet? Ugyan, hiszen nem s\u00edr az az egyik sem. Nincs r\u00e1 ok.<br \/>\nHolnap bronzm\u00e9rk\u0151z\u00e9st j\u00e1tszunk Kirgiziszt\u00e1nnal, mik\u00f6zben a d\u00f6nt\u0151ben Chile \u00e9s Mexik\u00f3 tal\u00e1lkozik (megint).<br \/>\nAz a Mexik\u00f3, amelyik minket megvert ma. Gyorsabbak voltak, pontosabbak. \u00c9s m\u00e9g \u00edgy is csak b\u00fcntet\u0151kkel siker\u00fclt nekik. vagyis a b\u00fcntet\u0151kn\u00e9l nem siker\u00fclt nek\u00fcnk.<br \/>\n3:1-r\u0151l fel\u00e1lltunk, illetve fel\u00e1lltak: Anita, \u00dcveg, Orsi, Bori, Kinga, Vanda, Kata, Anik\u00f3<br \/>\nAtya\u00e9g, ha l\u00e1tt\u00e1tok volna (l\u00e1thatj\u00e1tok is <\/span><span>), mit m\u0171veltek a l\u00e1nyok a p\u00e1ly\u00e1n!<\/span><\/p>\n<p>&nbsp;<br \/>\n<iframe loading=\"lazy\" src=\"\/\/www.youtube.com\/embed\/7KEoeB48CQU\" frameborder=\"0\" width=\"500\" height=\"281\"><\/iframe><br \/>\n<span><br \/>\n\u00cdgy felj\u00f6tt\u00fcnk 3:3-ra. Izgultak a b\u00edr\u00f3k, sikoltoztak a n\u00e9z\u0151k, t\u00f6bb sz\u00e1zan szurkoltak, hollandok, lengyelek, argent\u00ednok&#8230; \u00d6csi\u00e9k a lel\u00e1t\u00f3n fokozt\u00e1k a hangulatot, Carlos a p\u00e1lya mellett. T\u00e9nyleg olyan percek voltak ezek, ami\u00e9rt \u00e9rdemes \u00e9lni, olyan igaziak, amikor megl\u00e1thatod valakinek az arc\u00e1t is, \u00e9s nem csak az \u00e1larc\u00e1t \u2013 a l\u00e1nyok\u00e9 gy\u00f6ny\u00f6r\u0171 volt, harcias \u00e9s elsz\u00e1nt. A mexik\u00f3iak\u00e9 is.<br \/>\nMikor a b\u00edr\u00f3 lef\u00fajta a meccset, m\u00e9g mindig 3:3 volt. B\u00fcntet\u0151k, hirtelen hal\u00e1l. Ez azt jelenti, hogy az a csapat nyer, aki el\u0151sz\u00f6r el\u0151nyt szerez. Els\u0151 l\u00f6v\u00e9s \u2013 g\u00f3l mindk\u00e9t csapatn\u00e1l. M\u00e1sodik l\u00f6v\u00e9s \u2013 g\u00f3l mindk\u00e9t csapatn\u00e1l. Harmadik l\u00f6v\u00e9s \u2013 Bori kiv\u00e9di, ext\u00e1zis, majd a mexik\u00f3i kapus is sikeresen v\u00e9d.<br \/>\nNegyedik l\u00f6v\u00e9s \u2013 g\u00f3l mindk\u00e9t csapatn\u00e1l. \u00d6t\u00f6dik l\u00f6v\u00e9s, a mexik\u00f3i bevarrja, a mi\u00e9nk a kapuf\u00e1r\u00f3l kifel\u00e9 pattant. Ennyi. S\u00edr\u00e1s, elkesered\u00e9s, majd talpra\u00e1ll\u00e1s.<\/span><\/p>\n<p>A fi\u00fak k\u00f6zben megford\u00edtott\u00e1k a sz\u00e9lj\u00e1r\u00e1st \u2013 nyertek! 10:5-re vert\u00e9k D\u00e1ni\u00e1t, \u00edgy holnap a 21. hely\u00e9rt j\u00e1tszanak.<br \/>\nH\u00edrad\u00e1s v\u00e9ge.<\/p>\n<p><span class=\"fbPhotoCaptionText\">Hajr\u00e1 Magyarorsz\u00e1g!<\/span><\/p>\n<p><a href=\"https:\/\/www.facebook.com\/media\/set\/?set=a.552648898117879.1073741851.262757147107057&amp;type=1\">Az egyik szemem s\u00edr, a m\u00e1sik&#8230;<\/a>.<\/p>\n","protected":false},"excerpt":{"rendered":"<p>Nevet? Ugyan, hiszen nem s\u00edr az az egyik sem. Nincs r\u00e1 ok. Holnap bronzm\u00e9rk\u0151z\u00e9st j\u00e1tszunk Kirgiziszt\u00e1nnal, mik\u00f6zben a d\u00f6nt\u0151ben Chile \u00e9s Mexik\u00f3 tal\u00e1lkozik (megint). Az a Mexik\u00f3, amelyik minket megvert ma. Gyorsabbak voltak, pontosabbak. \u00c9s m\u00e9g \u00edgy is csak b\u00fcntet\u0151kkel siker\u00fclt nekik. vagyis a b\u00fcntet\u0151kn\u00e9l nem siker\u00fclt nek\u00fcnk. 3:1-r\u0151l fel\u00e1lltunk, illetve fel\u00e1lltak: Anita, \u00dcveg, Orsi, &hellip; <a href=\"https:\/\/utcaifoci.hu\/?p=743\" class=\"more-link\">Continue reading <span class=\"screen-reader-text\">Az egyik szemem s\u00edr, a m\u00e1sik&#8230;<\/span> <span class=\"meta-nav\">&rarr;<\/span><\/a><\/p>\n","protected":false},"author":1,"featured_media":0,"comment_status":"open","ping_status":"open","sticky":false,"template":"","format":"standard","meta":{"footnotes":""},"categories":[10],"tags":[],"class_list":["post-743","post","type-post","status-publish","format-standard","hentry","category-hwc"],"_links":{"self":[{"href":"https:\/\/utcaifoci.hu\/index.php?rest_route=\/wp\/v2\/posts\/743","targetHints":{"allow":["GET"]}}],"collection":[{"href":"https:\/\/utcaifoci.hu\/index.php?rest_route=\/wp\/v2\/posts"}],"about":[{"href":"https:\/\/utcaifoci.hu\/index.php?rest_route=\/wp\/v2\/types\/post"}],"author":[{"embeddable":true,"href":"https:\/\/utcaifoci.hu\/index.php?rest_route=\/wp\/v2\/users\/1"}],"replies":[{"embeddable":true,"href":"https:\/\/utcaifoci.hu\/index.php?rest_route=%2Fwp%2Fv2%2Fcomments&post=743"}],"version-history":[{"count":6,"href":"https:\/\/utcaifoci.hu\/index.php?rest_route=\/wp\/v2\/posts\/743\/revisions"}],"predecessor-version":[{"id":746,"href":"https:\/\/utcaifoci.hu\/index.php?rest_route=\/wp\/v2\/posts\/743\/revisions\/746"}],"wp:attachment":[{"href":"https:\/\/utcaifoci.hu\/index.php?rest_route=%2Fwp%2Fv2%2Fmedia&parent=743"}],"wp:term":[{"taxonomy":"category","embeddable":true,"href":"https:\/\/utcaifoci.hu\/index.php?rest_route=%2Fwp%2Fv2%2Fcategories&post=743"},{"taxonomy":"post_tag","embeddable":true,"href":"https:\/\/utcaifoci.hu\/index.php?rest_route=%2Fwp%2Fv2%2Ftags&post=743"}],"curies":[{"name":"wp","href":"https:\/\/api.w.org\/{rel}","templated":true}]}}