{"id":677,"date":"2013-08-10T21:25:05","date_gmt":"2013-08-10T20:25:05","guid":{"rendered":"http:\/\/utcaifoci.hu\/?p=677"},"modified":"2013-08-13T21:44:46","modified_gmt":"2013-08-13T20:44:46","slug":"apa-kezdodik","status":"publish","type":"post","link":"https:\/\/utcaifoci.hu\/?p=677","title":{"rendered":"Apa kezd\u0151dik!!!"},"content":{"rendered":"<p>Elkezd\u0151d\u00f6tt a 2013-as Homeless World Cup <span class=\"fbPhotoCaptionText\">Poznanban.<\/span><\/p>\n<p><a href=\"https:\/\/www.facebook.com\/media\/set\/?set=a.549273661788736.1073741843.262757147107057&amp;type=1\" target=\"_blank\"><img loading=\"lazy\" decoding=\"async\" class=\"aligncenter\" src=\"http:\/\/utcaifoci.hu\/wp-content\/uploads\/2013\/08\/1173597_549696198413149_1509275096_n.jpg\" alt=\"\" width=\"408\" height=\"272\" \/><\/a><\/p>\n<p><span class=\"fbPhotoCaptionText\">Imm\u00e1r 11. alkalommal rendezik meg ezt a vil\u00e1gbajnoks\u00e1got, amelyen az OSE csapatai 2006 \u00f3ta minden \u00e9vben r\u00e9szt vesznek.<br \/>\nId\u00e9n \u2013 tavalyhoz hasonl\u00f3an \u2013 k\u00e9t csapattal j\u00f6tt\u00fcnk, mind a f\u00e9rfi, mind a n\u0151i kup\u00e1ban k\u00e9pviselj\u00fck szeretett haz\u00e1nkat.<br \/>\nTegnap 900 kilom\u00e9tert utaztunk aut\u00f3val, ami t\u00f6bb, mint f\u00e9l napig tartott. \u00c9jjel 11-kor, kimer\u00fclten \u00e9rkezt\u00fcnk meg Poznanba, ahol egy egyetem koll\u00e9gium\u00e1ban sz\u00e1ll\u00e1soltak el minket.<br \/>\nNem lehet okunk panaszra, a 2 illetve 3 \u00e1gyas szob\u00e1k kellemesek, tiszt\u00e1k, \u00e9s a csapattagok egym\u00e1s melletti szob\u00e1kban alszanak \u2013 kell enn\u00e9l t\u00f6bb?<\/span><\/p>\n<p>A mai program nem volt t\u00fal s\u0171r\u0171, l\u00e9nyeges pontjai a par\u00e1d\u00e9 \u00e9s a sorsol\u00e1s voltak.<br \/>\nA par\u00e1d\u00e9 a Malta-t\u00f3 partj\u00e1n zajlott, itt vannak a p\u00e1ly\u00e1k is, \u00fagyhogy a sz\u00e1mtalan kajakos sikert meg\u00e9lt helysz\u00ednen fogunk focizni a k\u00f6vetkez\u0151 nyolc napban.<br \/>\nA sorsol\u00e1s eredm\u00e9ny\u00e9r\u0151l, hogy a csoportunk kem\u00e9ny-e vagy sem, nem \u00e9rdemes elm\u00e9lkedni \u2013 a meccsek sor\u00e1n minden kider\u00fcl, \u00e9s am\u00fagy is mindig 100%-ot kell ny\u00fajtanunk, \u00e9s\/vagy minimum egy g\u00f3llal t\u00f6bbet r\u00fagni, mint az ellenfel\u00fcnk. Vagy eggyel kevesebbet kapni\u2026<\/p>\n<p>Est\u00e9re azt is megtudtuk, mit hoz a holnap!<br \/>\nA h\u00f6lgyek Argent\u00edn\u00e1val j\u00e1tszanak 14:50-kor, az urak 13:40-kor \u00c9szak-\u00cdrorsz\u00e1g csapat\u00e1val m\u00e9rk\u0151znek meg.<br \/>\nMindk\u00e9t meccset \u00e9l\u0151ben \u00e9s ingyenesen megn\u00e9zhetitek a <a href=\"http:\/\/www.homelessworldcup.org\/\" rel=\"nofollow nofollow\" target=\"_blank\">www.homelessworldcup.org<\/a> oldalon, ahol sz\u00e1mtalan \u00e9rdekes k\u00e9pet is tal\u00e1ltok.<br \/>\nJ\u00f3 szurkol\u00e1st, drukkoljatok, l\u00e1jkoljatok, ossz\u00e1tok!<br \/>\nHajr\u00e1 Magyarorsz\u00e1g!<\/p>\n<p>Forr\u00e1s:<a href=\"https:\/\/www.facebook.com\/media\/set\/?set=a.549273661788736.1073741843.262757147107057&amp;type=1\" target=\"_blank\">Facebook<\/a>.<\/p>\n","protected":false},"excerpt":{"rendered":"<p>Elkezd\u0151d\u00f6tt a 2013-as Homeless World Cup Poznanban. Imm\u00e1r 11. alkalommal rendezik meg ezt a vil\u00e1gbajnoks\u00e1got, amelyen az OSE csapatai 2006 \u00f3ta minden \u00e9vben r\u00e9szt vesznek. Id\u00e9n \u2013 tavalyhoz hasonl\u00f3an \u2013 k\u00e9t csapattal j\u00f6tt\u00fcnk, mind a f\u00e9rfi, mind a n\u0151i kup\u00e1ban k\u00e9pviselj\u00fck szeretett haz\u00e1nkat. Tegnap 900 kilom\u00e9tert utaztunk aut\u00f3val, ami t\u00f6bb, mint f\u00e9l napig tartott. \u00c9jjel &hellip; <a href=\"https:\/\/utcaifoci.hu\/?p=677\" class=\"more-link\">Continue reading <span class=\"screen-reader-text\">Apa kezd\u0151dik!!!<\/span> <span class=\"meta-nav\">&rarr;<\/span><\/a><\/p>\n","protected":false},"author":1,"featured_media":0,"comment_status":"open","ping_status":"open","sticky":false,"template":"","format":"standard","meta":{"footnotes":""},"categories":[10],"tags":[],"class_list":["post-677","post","type-post","status-publish","format-standard","hentry","category-hwc"],"_links":{"self":[{"href":"https:\/\/utcaifoci.hu\/index.php?rest_route=\/wp\/v2\/posts\/677","targetHints":{"allow":["GET"]}}],"collection":[{"href":"https:\/\/utcaifoci.hu\/index.php?rest_route=\/wp\/v2\/posts"}],"about":[{"href":"https:\/\/utcaifoci.hu\/index.php?rest_route=\/wp\/v2\/types\/post"}],"author":[{"embeddable":true,"href":"https:\/\/utcaifoci.hu\/index.php?rest_route=\/wp\/v2\/users\/1"}],"replies":[{"embeddable":true,"href":"https:\/\/utcaifoci.hu\/index.php?rest_route=%2Fwp%2Fv2%2Fcomments&post=677"}],"version-history":[{"count":7,"href":"https:\/\/utcaifoci.hu\/index.php?rest_route=\/wp\/v2\/posts\/677\/revisions"}],"predecessor-version":[{"id":686,"href":"https:\/\/utcaifoci.hu\/index.php?rest_route=\/wp\/v2\/posts\/677\/revisions\/686"}],"wp:attachment":[{"href":"https:\/\/utcaifoci.hu\/index.php?rest_route=%2Fwp%2Fv2%2Fmedia&parent=677"}],"wp:term":[{"taxonomy":"category","embeddable":true,"href":"https:\/\/utcaifoci.hu\/index.php?rest_route=%2Fwp%2Fv2%2Fcategories&post=677"},{"taxonomy":"post_tag","embeddable":true,"href":"https:\/\/utcaifoci.hu\/index.php?rest_route=%2Fwp%2Fv2%2Ftags&post=677"}],"curies":[{"name":"wp","href":"https:\/\/api.w.org\/{rel}","templated":true}]}}