{"id":545,"date":"2013-05-03T08:42:21","date_gmt":"2013-05-03T07:42:21","guid":{"rendered":"http:\/\/utcaifoci.hu\/?p=545"},"modified":"2013-05-03T08:42:21","modified_gmt":"2013-05-03T07:42:21","slug":"nyari-edzesek","status":"publish","type":"post","link":"https:\/\/utcaifoci.hu\/?p=545","title":{"rendered":"Ny\u00e1ri edz\u00e9sek"},"content":{"rendered":"<p>A h\u00e9tf\u0151i edz\u00e9s helysz\u00edne \u00e9s id\u0151pontja:<\/p>\n<p>2013 \u00e1prilis 8-t\u00f3l h\u00e9tf\u0151nk\u00e9nt 16-t\u00f3l 19 \u00f3r\u00e1ig a Margitszigeti Atl\u00e9tikai Centrum \u00e9s a Haj\u00f3s Alfr\u00e9d uszoda k\u00f6z\u00f6tt tal\u00e1lhat\u00f3 j\u00e1tsz\u00f3t\u00e9r melletti szabadt\u00e9ri foci p\u00e1ly\u00e1n<\/p>\n<p>Megk\u00f6zel\u00edt\u00e9s: legegyszer\u0171bben aut\u00f3busszal vagy villamossal. F\u00fcggetlen\u00fcl att\u00f3l, hogy melyik ir\u00e1nyb\u00f3l, a 4-es vagy a 6-os villamosr\u00f3l a Margit-h\u00edd meg\u00e1ll\u00f3n\u00e1l kell lesz\u00e1llni. Innen kb. 300 m\u00e9ter s\u00e9ta.<\/p>\n<p>Az \u00c1rp\u00e1d h\u00eddt\u00f3l indul\u00f3 26-os aut\u00f3busszal is megk\u00f6zel\u00edthet\u0151, ekkor a Margitsziget, Centen\u00e1riumi eml\u00e9km\u0171n\u00e9l kell lesz\u00e1llni, ahonnan 2 perc gyalog a szabadt\u00e9ri p\u00e1lya. Az \u00c1rp\u00e1d h\u00edd budai h\u00eddf\u0151j\u00e9t\u0151l (Szentl\u00e9lek t\u00e9r) is megk\u00f6zel\u00edthet\u0151 a 134 \u00e9s 134A jelz\u00e9s\u0171 aut\u00f3buszokkal, melyek v\u00e9g\u00e1llom\u00e1sa szint\u00e9n a Centen\u00e1riumi eml\u00e9km\u0171n\u00e9l tal\u00e1lhat\u00f3<\/p>\n<p>A szombati edz\u00e9s helysz\u00edne \u00e9s id\u0151pontja:<\/p>\n<p>2013. \u00e1prilis 6-t\u0151l szombatonk\u00e9nt 9-t\u0151l 12 \u00f3r\u00e1ig a Margitszigeti Atl\u00e9tikai Centrumban.<\/p>\n<p>Megk\u00f6zel\u00edt\u00e9s: legegyszer\u0171bben aut\u00f3busszal vagy villamossal. F\u00fcggetlen\u00fcl att\u00f3l, hogy melyik ir\u00e1nyb\u00f3l, a 4-es vagy a 6-os villamosr\u00f3l a Margit-h\u00edd meg\u00e1ll\u00f3n\u00e1l kell lesz\u00e1llni. Innen kb. 200 m\u00e9ter s\u00e9ta.<\/p>\n<p>Az \u00c1rp\u00e1d h\u00eddt\u00f3l indul\u00f3 26-os aut\u00f3busszal is megk\u00f6zel\u00edthet\u0151, ekkor a Margitsziget, Centen\u00e1riumi eml\u00e9km\u0171n\u00e9l kell lesz\u00e1llni, ahonnan 1 perc gyalog az Atl\u00e9tikai Centrum. Az \u00c1rp\u00e1d h\u00edd budai h\u00eddf\u0151j\u00e9t\u0151l (Szentl\u00e9lek t\u00e9r) is megk\u00f6zel\u00edthet\u0151 a 134 \u00e9s 134A jelz\u00e9s\u0171 aut\u00f3buszokkal, melyek v\u00e9g\u00e1llom\u00e1sa szint\u00e9n a Centen\u00e1riumi eml\u00e9km\u0171n\u00e9l tal\u00e1lhat\u00f3.<\/p>\n<p>V\u00e1runk mindenkit szeretettel.<\/p>\n","protected":false},"excerpt":{"rendered":"<p>A h\u00e9tf\u0151i edz\u00e9s helysz\u00edne \u00e9s id\u0151pontja: 2013 \u00e1prilis 8-t\u00f3l h\u00e9tf\u0151nk\u00e9nt 16-t\u00f3l 19 \u00f3r\u00e1ig a Margitszigeti Atl\u00e9tikai Centrum \u00e9s a Haj\u00f3s Alfr\u00e9d uszoda k\u00f6z\u00f6tt tal\u00e1lhat\u00f3 j\u00e1tsz\u00f3t\u00e9r melletti szabadt\u00e9ri foci p\u00e1ly\u00e1n Megk\u00f6zel\u00edt\u00e9s: legegyszer\u0171bben aut\u00f3busszal vagy villamossal. F\u00fcggetlen\u00fcl att\u00f3l, hogy melyik ir\u00e1nyb\u00f3l, a 4-es vagy a 6-os villamosr\u00f3l a Margit-h\u00edd meg\u00e1ll\u00f3n\u00e1l kell lesz\u00e1llni. Innen kb. 300 m\u00e9ter s\u00e9ta. &hellip; <a href=\"https:\/\/utcaifoci.hu\/?p=545\" class=\"more-link\">Continue reading <span class=\"screen-reader-text\">Ny\u00e1ri edz\u00e9sek<\/span> <span class=\"meta-nav\">&rarr;<\/span><\/a><\/p>\n","protected":false},"author":1,"featured_media":0,"comment_status":"open","ping_status":"open","sticky":false,"template":"","format":"standard","meta":{"footnotes":""},"categories":[],"tags":[],"class_list":["post-545","post","type-post","status-publish","format-standard","hentry"],"_links":{"self":[{"href":"https:\/\/utcaifoci.hu\/index.php?rest_route=\/wp\/v2\/posts\/545","targetHints":{"allow":["GET"]}}],"collection":[{"href":"https:\/\/utcaifoci.hu\/index.php?rest_route=\/wp\/v2\/posts"}],"about":[{"href":"https:\/\/utcaifoci.hu\/index.php?rest_route=\/wp\/v2\/types\/post"}],"author":[{"embeddable":true,"href":"https:\/\/utcaifoci.hu\/index.php?rest_route=\/wp\/v2\/users\/1"}],"replies":[{"embeddable":true,"href":"https:\/\/utcaifoci.hu\/index.php?rest_route=%2Fwp%2Fv2%2Fcomments&post=545"}],"version-history":[{"count":1,"href":"https:\/\/utcaifoci.hu\/index.php?rest_route=\/wp\/v2\/posts\/545\/revisions"}],"predecessor-version":[{"id":546,"href":"https:\/\/utcaifoci.hu\/index.php?rest_route=\/wp\/v2\/posts\/545\/revisions\/546"}],"wp:attachment":[{"href":"https:\/\/utcaifoci.hu\/index.php?rest_route=%2Fwp%2Fv2%2Fmedia&parent=545"}],"wp:term":[{"taxonomy":"category","embeddable":true,"href":"https:\/\/utcaifoci.hu\/index.php?rest_route=%2Fwp%2Fv2%2Fcategories&post=545"},{"taxonomy":"post_tag","embeddable":true,"href":"https:\/\/utcaifoci.hu\/index.php?rest_route=%2Fwp%2Fv2%2Ftags&post=545"}],"curies":[{"name":"wp","href":"https:\/\/api.w.org\/{rel}","templated":true}]}}