{"id":519,"date":"2012-12-18T23:50:18","date_gmt":"2012-12-18T22:50:18","guid":{"rendered":"http:\/\/utcaifoci.hu\/?p=519"},"modified":"2012-12-18T23:50:18","modified_gmt":"2012-12-18T22:50:18","slug":"uj-helyszinen-a-szombati-edzesek","status":"publish","type":"post","link":"https:\/\/utcaifoci.hu\/?p=519","title":{"rendered":"\u00daj helysz\u00ednen a szombati edz\u00e9sek!"},"content":{"rendered":"<p><a href=\"http:\/\/utcaifoci.hu\/wp-content\/uploads\/2012\/10\/hwc2012a.jpg\"><img loading=\"lazy\" decoding=\"async\" class=\"wp-image-468\" title=\"hwc2012a\" src=\"http:\/\/utcaifoci.hu\/wp-content\/uploads\/2012\/10\/hwc2012a.jpg\" alt=\"\" width=\"466\" height=\"350\" srcset=\"https:\/\/utcaifoci.hu\/wp-content\/uploads\/2012\/10\/hwc2012a.jpg 960w, https:\/\/utcaifoci.hu\/wp-content\/uploads\/2012\/10\/hwc2012a-300x225.jpg 300w\" sizes=\"auto, (max-width: 466px) 100vw, 466px\" \/><\/a><\/p>\n<p style=\"text-align: left;\">Ism\u00e9t a r\u00e9gi helyen, de m\u00e1r \u00faj s\u00e1torban lesznek a szombati edz\u00e9sek December 22.-t\u0151l eg\u00e9szen tavaszig, a XIII. ker\u00fclet Fiasty\u00fak utca 47-49-ben a Heged\u0171s G\u00e9za \u00c1ltal\u00e1nos Iskola s\u00e1torral fedett p\u00e1ly\u00e1j\u00e1n.<br \/>\nReggel 9-t\u0151l 12 \u00f3r\u00e1ig. \u00d6lt\u00f6z\u0151 \u00e9s zuhanyz\u00f3 is van.<\/p>\n<p>Utaz\u00e1s az \u00c1rp\u00e1d h\u00edd pesti h\u00eddf\u0151j\u00e9t\u0151l a 120-as busszal, 4 meg\u00e1ll\u00f3 a<br \/>\nFiasty\u00fak utcai meg\u00e1ll\u00f3ig, vagy a 105-\u00f6s busszal a De\u00e1k Ferenc t\u00e9rr\u0151l,<br \/>\n13 meg\u00e1ll\u00f3 a N\u00e1sznagy utc\u00e1ig!<\/p>\n<p>K\u00e9rj\u00fck a pontos megjelen\u00e9st!<\/p>\n","protected":false},"excerpt":{"rendered":"<p>Ism\u00e9t a r\u00e9gi helyen, de m\u00e1r \u00faj s\u00e1torban lesznek a szombati edz\u00e9sek December 22.-t\u0151l eg\u00e9szen tavaszig, a XIII. ker\u00fclet Fiasty\u00fak utca 47-49-ben a Heged\u0171s G\u00e9za \u00c1ltal\u00e1nos Iskola s\u00e1torral fedett p\u00e1ly\u00e1j\u00e1n. Reggel 9-t\u0151l 12 \u00f3r\u00e1ig. \u00d6lt\u00f6z\u0151 \u00e9s zuhanyz\u00f3 is van. Utaz\u00e1s az \u00c1rp\u00e1d h\u00edd pesti h\u00eddf\u0151j\u00e9t\u0151l a 120-as busszal, 4 meg\u00e1ll\u00f3 a Fiasty\u00fak utcai meg\u00e1ll\u00f3ig, vagy &hellip; <a href=\"https:\/\/utcaifoci.hu\/?p=519\" class=\"more-link\">Continue reading <span class=\"screen-reader-text\">\u00daj helysz\u00ednen a szombati edz\u00e9sek!<\/span> <span class=\"meta-nav\">&rarr;<\/span><\/a><\/p>\n","protected":false},"author":1,"featured_media":0,"comment_status":"open","ping_status":"open","sticky":false,"template":"","format":"standard","meta":{"footnotes":""},"categories":[],"tags":[],"class_list":["post-519","post","type-post","status-publish","format-standard","hentry"],"_links":{"self":[{"href":"https:\/\/utcaifoci.hu\/index.php?rest_route=\/wp\/v2\/posts\/519","targetHints":{"allow":["GET"]}}],"collection":[{"href":"https:\/\/utcaifoci.hu\/index.php?rest_route=\/wp\/v2\/posts"}],"about":[{"href":"https:\/\/utcaifoci.hu\/index.php?rest_route=\/wp\/v2\/types\/post"}],"author":[{"embeddable":true,"href":"https:\/\/utcaifoci.hu\/index.php?rest_route=\/wp\/v2\/users\/1"}],"replies":[{"embeddable":true,"href":"https:\/\/utcaifoci.hu\/index.php?rest_route=%2Fwp%2Fv2%2Fcomments&post=519"}],"version-history":[{"count":6,"href":"https:\/\/utcaifoci.hu\/index.php?rest_route=\/wp\/v2\/posts\/519\/revisions"}],"predecessor-version":[{"id":525,"href":"https:\/\/utcaifoci.hu\/index.php?rest_route=\/wp\/v2\/posts\/519\/revisions\/525"}],"wp:attachment":[{"href":"https:\/\/utcaifoci.hu\/index.php?rest_route=%2Fwp%2Fv2%2Fmedia&parent=519"}],"wp:term":[{"taxonomy":"category","embeddable":true,"href":"https:\/\/utcaifoci.hu\/index.php?rest_route=%2Fwp%2Fv2%2Fcategories&post=519"},{"taxonomy":"post_tag","embeddable":true,"href":"https:\/\/utcaifoci.hu\/index.php?rest_route=%2Fwp%2Fv2%2Ftags&post=519"}],"curies":[{"name":"wp","href":"https:\/\/api.w.org\/{rel}","templated":true}]}}