{"id":379,"date":"2012-07-16T10:33:28","date_gmt":"2012-07-16T09:33:28","guid":{"rendered":"http:\/\/utcaifoci.hu\/?p=379"},"modified":"2012-07-17T12:29:24","modified_gmt":"2012-07-17T11:29:24","slug":"gyere-velunk-mexikoba","status":"publish","type":"post","link":"https:\/\/utcaifoci.hu\/?p=379","title":{"rendered":"Gyere vel\u00fcnk Mexik\u00f3ba!"},"content":{"rendered":"<p><object width=\"468\" height=\"60\" classid=\"clsid:d27cdb6e-ae6d-11cf-96b8-444553540000\" codebase=\"http:\/\/download.macromedia.com\/pub\/shockwave\/cabs\/flash\/swflash.cab#version=6,0,40,0\"><param name=\"src\" value=\"http:\/\/ideal-banners.com\/banners\/banner5.swf?xml=http:\/\/ideal-banners.com\/bannerXML.php?id=3623\" \/><embed width=\"468\" height=\"60\" type=\"application\/x-shockwave-flash\" src=\"http:\/\/ideal-banners.com\/banners\/banner5.swf?xml=http:\/\/ideal-banners.com\/bannerXML.php?id=3623\" \/><\/object><\/p>\n<p>Seg\u00edts m\u00e1soknak, hogy egy \u00e9letre sz\u00f3l\u00f3 eml\u00e9ket szerezzenek, \u00e9s gazdagodj Te is egy \u00e9lm\u00e9nnyel, amelyre \u00e9vekig eml\u00e9kezni fogsz!<\/p>\n<p>Hajl\u00e9ktalanokb\u00f3l \u00e9s h\u00e1tr\u00e1nyos helyzet\u0171 fiatalokb\u00f3l \u00e1ll\u00f3 csapatunk id\u00e9n is megszerezte a jogot, hogy induljon a vil\u00e1g legnagyobb, szoci\u00e1lis jelleg\u0171 bajnoks\u00e1g\u00e1n, a Homeless World Cup-on.<\/p>\n<p>A bajnoks\u00e1got id\u00e9n okt\u00f3ber 2 \u00e9s 16 k\u00f6z\u00f6tt Mexik\u00f3ban rendezik meg \u2013 k\u00e9pzelheted, mekkora \u00e9lm\u00e9ny eljutni oda valakinek, akinek gyakran a betev\u0151 falatra sincs el\u00e9g p\u00e9nze.<\/p>\n<p>Gondolhatod, mekkora motiv\u00e1ci\u00f3 ez egy szeg\u00e9ny, sportszeret\u0151 embernek \u2013 jelenleg 40 j\u00e1t\u00e9kosunk edz heti h\u00e1rom alkalommal, fut, fekv\u0151t\u00e1maszozik, kevesebbet cigizik, jav\u00edt iskolai eredm\u00e9nyein csak az\u00e9rt, hogy es\u00e9lye legyen. Negyvenen k\u00fczdenek most az \u00e1lmaik\u00e9rt \u00e9s sz\u00e1zaknak mutatnak ezzel j\u00f3 p\u00e9ld\u00e1t.<\/p>\n<p style=\"text-align: center;\"><a href=\"http:\/\/utcaifoci.hu\/wp-content\/uploads\/2012\/07\/hwc_paris.jpg\"><img loading=\"lazy\" decoding=\"async\" class=\"aligncenter  wp-image-381\" title=\"hwc_paris\" src=\"http:\/\/utcaifoci.hu\/wp-content\/uploads\/2012\/07\/hwc_paris.jpg\" alt=\"\" width=\"500\" height=\"344\" srcset=\"https:\/\/utcaifoci.hu\/wp-content\/uploads\/2012\/07\/hwc_paris.jpg 720w, https:\/\/utcaifoci.hu\/wp-content\/uploads\/2012\/07\/hwc_paris-300x206.jpg 300w\" sizes=\"auto, (max-width: 500px) 100vw, 500px\" \/><\/a><\/p>\n<p>B\u00e1r az ottl\u00e9t\u00fcnk minden k\u00f6lts\u00e9g\u00e9t a rendez\u0151 orsz\u00e1g fizeti, a kijut\u00e1st nek\u00fcnk kell megoldani. Ez sok p\u00e9nzbe ker\u00fcl, ez\u00e9rt fordulunk most Hozz\u00e1d.<\/p>\n<p>T\u00f6bbf\u00e9lek\u00e9ppen seg\u00edthetsz nek\u00fcnk, \u00e9s mint a mes\u00e9kben, j\u00f3tett hely\u00e9be j\u00f3t v\u00e1rj!<\/p>\n<ol>\n<li>K\u00fcldhetsz nek\u00fcnk adom\u00e1nyt a\u00a010918001-00000029-76880008 (Unicredit Bank Zrt.) sz\u00e1mlasz\u00e1mra. Az egy\u00e9ni adom\u00e1nyoz\u00f3k k\u00f6z\u00f6tt kisorsolunk egy magyar v\u00e1logatott mezt, a nemzeti tizenegy \u00e9s Egerv\u00e1ri kapit\u00e1ny al\u00e1\u00edr\u00e1s\u00e1val, valamint t\u00edz darab, szint\u00e9n dedik\u00e1lt Adidas labd\u00e1t. Az \u00f6sszes adom\u00e1nyoz\u00f3 nev\u00e9t \u2013 ha beleegyezik \u2013 felt\u00fcntetj\u00fck a honlapunkon.<\/li>\n<li>Indulj adom\u00e1nygy\u0171jt\u0151 verseny\u00fcnk\u00f6n, \u00e9s gy\u0171jts nek\u00fcnk!\u00a0 Ha ismersz c\u00e9gvezet\u0151ket, sportszeret\u0151, vagyonosabb embereket, seg\u00edteni v\u00e1gy\u00f3 milliomosokat \u00e9s milli\u00e1rdosokat, vagy egyszer\u0171en elsz\u00e1nt \u00e9s kitart\u00f3 vagy, akkor k\u00f6nny\u0171 dolgod lesz.<\/li>\n<\/ol>\n<p><em>A t\u00e1mogat\u00e1s\u00e9rt cser\u00e9be k\u00edn\u00e1lunk megjelen\u00e9st a mez\u00fcnk\u00f6n, dokumentumainkon, sajt\u00f3anyagainkban.\u00a0<\/em><em>A profi adom\u00e1nygy\u0171jt\u00e9st k\u00fcl\u00f6nb\u00f6z\u0151 anyagokkal t\u00e1mogatni is tudjuk: m\u00e9dia megjelen\u00e9sek gy\u0171jtem\u00e9nye, vide\u00f3k, fot\u00f3k, riportok, stb.<\/em><\/p>\n<p>Aki a legt\u00f6bb t\u00e1mogat\u00e1st szerzi vagy adja nek\u00fcnk \u2013 az r\u00e9szese lesz a csod\u00e1nak, elk\u00eds\u00e9ri a magyar csapatot Mexik\u00f3ba!<\/p>\n<p>R\u00e9szt vesz a fieszt\u00e1n, viszi a magyar z\u00e1szl\u00f3t, a helysz\u00ednen drukkolhat. Amint a k\u00e9peken is l\u00e1thatj\u00e1tok, ez egy hatalmas\u00a0 buli, t\u00f6bb ezer r\u00e9sztvev\u0151vel, ahol mindenki ismer mindenkit, \u00e9s \u00e1ltal\u00e1nos a j\u00f3 hangulat\u2026 Ezt az \u00e9lm\u00e9nyt p\u00e9nz\u00e9rt nem veheted meg, de a Ti\u00e9d lehet!<\/p>\n<p>Az adom\u00e1nyokat a mai napt\u00f3l eg\u00e9szen szeptember 15-ig v\u00e1rjuk az adom\u00e1nygy\u0171jt\u0151 verseny keret\u00e9ben, hiszen indul\u00e1s el\u0151tt k\u00e9t h\u00e9ttel v\u00e9gleges\u00edteni kell az utaz\u00f3k n\u00e9vsor\u00e1t.<\/p>\n<p>Az egy\u00e9ni adom\u00e1nyoz\u00f3kt\u00f3l eg\u00e9szen okt\u00f3ber 20-ig v\u00e1rjuk felaj\u00e1nl\u00e1saikat, a dedik\u00e1lt mezt vissza\u00e9rkez\u00e9s\u00fcnk ut\u00e1n, okt\u00f3ber v\u00e9g\u00e9n sorsoljuk ki.<\/p>\n<p>Az adom\u00e1nyoz\u00f3k nev\u00e9t weboldalunkon folyamatosan friss\u00edtj\u00fck.<\/p>\n<p>Sz\u00e1llj versenybe egy j\u00f3 \u00fcgy\u00e9rt m\u00e9g ma, legy\u00e9l a csapatunk tagja, \u00e9s gyere vel\u00fcnk Mexik\u00f3ba!<\/p>\n<p>&nbsp;<\/p>\n<p>K\u00e9rd\u00e9sed, hozz\u00e1f\u0171z\u00e9sed van?<\/p>\n<p>H\u00edvj fel: Zajk\u00f3 Roland, +36 30 329 4712<\/p>\n<p>info@utcaifoci.hu<\/p>\n","protected":false},"excerpt":{"rendered":"<p>Seg\u00edts m\u00e1soknak, hogy egy \u00e9letre sz\u00f3l\u00f3 eml\u00e9ket szerezzenek, \u00e9s gazdagodj Te is egy \u00e9lm\u00e9nnyel, amelyre \u00e9vekig eml\u00e9kezni fogsz! Hajl\u00e9ktalanokb\u00f3l \u00e9s h\u00e1tr\u00e1nyos helyzet\u0171 fiatalokb\u00f3l \u00e1ll\u00f3 csapatunk id\u00e9n is megszerezte a jogot, hogy induljon a vil\u00e1g legnagyobb, szoci\u00e1lis jelleg\u0171 bajnoks\u00e1g\u00e1n, a Homeless World Cup-on. A bajnoks\u00e1got id\u00e9n okt\u00f3ber 2 \u00e9s 16 k\u00f6z\u00f6tt Mexik\u00f3ban rendezik meg \u2013 k\u00e9pzelheted, &hellip; <a href=\"https:\/\/utcaifoci.hu\/?p=379\" class=\"more-link\">Continue reading <span class=\"screen-reader-text\">Gyere vel\u00fcnk Mexik\u00f3ba!<\/span> <span class=\"meta-nav\">&rarr;<\/span><\/a><\/p>\n","protected":false},"author":1,"featured_media":0,"comment_status":"open","ping_status":"open","sticky":false,"template":"","format":"standard","meta":{"footnotes":""},"categories":[10,11],"tags":[],"class_list":["post-379","post","type-post","status-publish","format-standard","hentry","category-hwc","category-media"],"_links":{"self":[{"href":"https:\/\/utcaifoci.hu\/index.php?rest_route=\/wp\/v2\/posts\/379","targetHints":{"allow":["GET"]}}],"collection":[{"href":"https:\/\/utcaifoci.hu\/index.php?rest_route=\/wp\/v2\/posts"}],"about":[{"href":"https:\/\/utcaifoci.hu\/index.php?rest_route=\/wp\/v2\/types\/post"}],"author":[{"embeddable":true,"href":"https:\/\/utcaifoci.hu\/index.php?rest_route=\/wp\/v2\/users\/1"}],"replies":[{"embeddable":true,"href":"https:\/\/utcaifoci.hu\/index.php?rest_route=%2Fwp%2Fv2%2Fcomments&post=379"}],"version-history":[{"count":18,"href":"https:\/\/utcaifoci.hu\/index.php?rest_route=\/wp\/v2\/posts\/379\/revisions"}],"predecessor-version":[{"id":403,"href":"https:\/\/utcaifoci.hu\/index.php?rest_route=\/wp\/v2\/posts\/379\/revisions\/403"}],"wp:attachment":[{"href":"https:\/\/utcaifoci.hu\/index.php?rest_route=%2Fwp%2Fv2%2Fmedia&parent=379"}],"wp:term":[{"taxonomy":"category","embeddable":true,"href":"https:\/\/utcaifoci.hu\/index.php?rest_route=%2Fwp%2Fv2%2Fcategories&post=379"},{"taxonomy":"post_tag","embeddable":true,"href":"https:\/\/utcaifoci.hu\/index.php?rest_route=%2Fwp%2Fv2%2Ftags&post=379"}],"curies":[{"name":"wp","href":"https:\/\/api.w.org\/{rel}","templated":true}]}}