{"id":363,"date":"2010-09-29T20:58:24","date_gmt":"2010-09-29T19:58:24","guid":{"rendered":"http:\/\/utcaifoci.hu\/?p=363"},"modified":"2012-06-02T17:11:03","modified_gmt":"2012-06-02T16:11:03","slug":"a-hazigazda-brazilok-nyertek-a-hajlektalan-foci-vb-t","status":"publish","type":"post","link":"https:\/\/utcaifoci.hu\/?p=363","title":{"rendered":"A h\u00e1zigazda brazilok nyert\u00e9k a hajl\u00e9ktalan foci vb-t"},"content":{"rendered":"<p>A h\u00e1zigazda Braz\u00edlia a n\u0151k \u00e9s f\u00e9rfiak kateg\u00f3ri\u00e1j\u00e1ban is megnyerte a 2010-es hajl\u00e9ktalan labdar\u00fag\u00f3-vil\u00e1gbajnoks\u00e1got, amelyen a magyar utcaifutball-v\u00e1logatott is k\u00e9pviseltette mag\u00e1t.<\/p>\n<p><a href=\"http:\/\/utcaifoci.hu\/wp-content\/uploads\/2012\/06\/brazilians.jpg\"><img loading=\"lazy\" decoding=\"async\" class=\"aligncenter size-full wp-image-364\" title=\"brazilians\" src=\"http:\/\/utcaifoci.hu\/wp-content\/uploads\/2012\/06\/brazilians.jpg\" alt=\"\" width=\"473\" height=\"315\" srcset=\"https:\/\/utcaifoci.hu\/wp-content\/uploads\/2012\/06\/brazilians.jpg 473w, https:\/\/utcaifoci.hu\/wp-content\/uploads\/2012\/06\/brazilians-300x199.jpg 300w\" sizes=\"auto, (max-width: 473px) 100vw, 473px\" \/><\/a><\/p>\n<p>&nbsp;<\/p>\n<p>A vil\u00e1gbajnoks\u00e1gon szeptember 19. \u00e9s 26. k\u00f6z\u00f6tt 64 nemzeti csapat, k\u00f6zt\u00fck 16 n\u0151i csapat tal\u00e1lkozott a ri\u00f3i Copacabana tengerparton, ahol egy \u00fajonnan \u00e9p\u00fclt utcai stadion h\u00e1rom, \u00f6tezer f\u0151 befogad\u00e1s\u00e1ra alkalmas futballp\u00e1ly\u00e1j\u00e1n j\u00e1tszott\u00e1k a m\u00e9rk\u0151z\u00e9seket.<\/p>\n<p>A braz\u00edliai f\u00e9rficsapat a d\u00f6nt\u0151 m\u00e9rk\u0151z\u00e9sen 6:0-\u00e1ra verte a chilei v\u00e1logatottat, \u00edgy a tavalyi nyertes ukr\u00e1nok a palesztinokat 6:4-re megverve id\u00e9n a harmadik helyen v\u00e9geztek. A brazil n\u0151i v\u00e1logatott Mexik\u00f3t 7:3-ra verte a d\u00f6nt\u0151ben, Ausztria pedig a harmadik lett, miut\u00e1n Litv\u00e1nia ellen j\u00e1tszott m\u00e9rk\u0151z\u00e9sen 5:4 ar\u00e1nnyal tudott gy\u0151zni.<\/p>\n<p>A vil\u00e1gbajnoks\u00e1got 2003 \u00f3ta rendezik meg \u00e9vente m\u00e1s-m\u00e1s helysz\u00ednen, Magyarorsz\u00e1g 2006 \u00f3ta vesz r\u00e9szt a megm\u00e9rettet\u00e9sen.<\/p>\n<p>Az Oltalom Sportegyes\u00fclet j\u00e1t\u00e9kosainak kiutaz\u00e1shoz sz\u00fcks\u00e9ges k\u00f6lts\u00e9geket id\u00e9n az egyes\u00fcletet alap\u00edt\u00f3 Oltalom Karitat\u00edv Egyes\u00fclet, a Wesley J\u00e1nos Lelk\u00e9szk\u00e9pz\u0151 F\u0151iskola \u00e9s amerikai mag\u00e1nszem\u00e9lyek adom\u00e1ny\u00e1nak, valamint egy k\u00fclf\u00f6ldi p\u00e1ly\u00e1zatnak k\u00f6sz\u00f6nhet\u0151en siker\u00fclt el\u0151teremteni.<\/p>\n<p>A vil\u00e1gbajnoks\u00e1gon val\u00f3 r\u00e9szv\u00e9tel radik\u00e1lis v\u00e1ltoz\u00e1sokat id\u00e9z el\u0151 a j\u00e1t\u00e9kosok \u00e9let\u00e9ben. A szervezet szerint a r\u00e9sztvev\u0151k 73 sz\u00e1zal\u00e9k\u00e1nak v\u00e1ltozott meg az \u00e9lete a bajnoks\u00e1gnak k\u00f6sz\u00f6nhet\u0151en.<\/p>\n<p>A Homeless World Cup (HWC) adatai szerint napjainkban k\u00f6zel egymilli\u00e1rd hajl\u00e9ktalan \u00e9l a vil\u00e1gon. A vil\u00e1gbajnoks\u00e1g seg\u00edthet a j\u00e1t\u00e9kosoknak abban, hogy leszokjanak a drogokr\u00f3l, az alkoholr\u00f3l, munk\u00e1t tal\u00e1ljanak vagy visszat\u00e9rjenek csal\u00e1djukhoz.<\/p>\n<p><a href=\"http:\/\/www.nemzetisport.hu\/minden_mas_foci\/labdarugas-a-hazigazda-brazilia-nyerte-a-hajlektalan-vb-t-2046523\" target=\"_blank\">www.nemzetisport.hu<\/a><\/p>\n","protected":false},"excerpt":{"rendered":"<p>A h\u00e1zigazda Braz\u00edlia a n\u0151k \u00e9s f\u00e9rfiak kateg\u00f3ri\u00e1j\u00e1ban is megnyerte a 2010-es hajl\u00e9ktalan labdar\u00fag\u00f3-vil\u00e1gbajnoks\u00e1got, amelyen a magyar utcaifutball-v\u00e1logatott is k\u00e9pviseltette mag\u00e1t. &nbsp; A vil\u00e1gbajnoks\u00e1gon szeptember 19. \u00e9s 26. k\u00f6z\u00f6tt 64 nemzeti csapat, k\u00f6zt\u00fck 16 n\u0151i csapat tal\u00e1lkozott a ri\u00f3i Copacabana tengerparton, ahol egy \u00fajonnan \u00e9p\u00fclt utcai stadion h\u00e1rom, \u00f6tezer f\u0151 befogad\u00e1s\u00e1ra alkalmas futballp\u00e1ly\u00e1j\u00e1n j\u00e1tszott\u00e1k a &hellip; <a href=\"https:\/\/utcaifoci.hu\/?p=363\" class=\"more-link\">Continue reading <span class=\"screen-reader-text\">A h\u00e1zigazda brazilok nyert\u00e9k a hajl\u00e9ktalan foci vb-t<\/span> <span class=\"meta-nav\">&rarr;<\/span><\/a><\/p>\n","protected":false},"author":1,"featured_media":0,"comment_status":"open","ping_status":"open","sticky":false,"template":"","format":"standard","meta":{"footnotes":""},"categories":[],"tags":[],"class_list":["post-363","post","type-post","status-publish","format-standard","hentry"],"_links":{"self":[{"href":"https:\/\/utcaifoci.hu\/index.php?rest_route=\/wp\/v2\/posts\/363","targetHints":{"allow":["GET"]}}],"collection":[{"href":"https:\/\/utcaifoci.hu\/index.php?rest_route=\/wp\/v2\/posts"}],"about":[{"href":"https:\/\/utcaifoci.hu\/index.php?rest_route=\/wp\/v2\/types\/post"}],"author":[{"embeddable":true,"href":"https:\/\/utcaifoci.hu\/index.php?rest_route=\/wp\/v2\/users\/1"}],"replies":[{"embeddable":true,"href":"https:\/\/utcaifoci.hu\/index.php?rest_route=%2Fwp%2Fv2%2Fcomments&post=363"}],"version-history":[{"count":2,"href":"https:\/\/utcaifoci.hu\/index.php?rest_route=\/wp\/v2\/posts\/363\/revisions"}],"predecessor-version":[{"id":366,"href":"https:\/\/utcaifoci.hu\/index.php?rest_route=\/wp\/v2\/posts\/363\/revisions\/366"}],"wp:attachment":[{"href":"https:\/\/utcaifoci.hu\/index.php?rest_route=%2Fwp%2Fv2%2Fmedia&parent=363"}],"wp:term":[{"taxonomy":"category","embeddable":true,"href":"https:\/\/utcaifoci.hu\/index.php?rest_route=%2Fwp%2Fv2%2Fcategories&post=363"},{"taxonomy":"post_tag","embeddable":true,"href":"https:\/\/utcaifoci.hu\/index.php?rest_route=%2Fwp%2Fv2%2Ftags&post=363"}],"curies":[{"name":"wp","href":"https:\/\/api.w.org\/{rel}","templated":true}]}}