{"id":194,"date":"2011-05-11T23:00:50","date_gmt":"2011-05-11T22:00:50","guid":{"rendered":"http:\/\/utcaifoci.hu\/?p=194"},"modified":"2012-03-25T00:03:32","modified_gmt":"2012-03-24T23:03:32","slug":"szerda-az-utazas-napja","status":"publish","type":"post","link":"https:\/\/utcaifoci.hu\/?p=194","title":{"rendered":"Szerda, az utaz\u00e1s napja"},"content":{"rendered":"<p>A csapat reggel 10 \u00f3rakor indult Budapestr\u0151l, a Keleti p\u00e1lyaudvarr\u00f3l. K\u00e9t egym\u00e1s melletti kabinban kapott helyet a 8 fiatal \u00e9s a h\u00e1rom k\u00eds\u00e9r\u0151 feln\u0151tt. Volt, aki olvasott, volt aki zen\u00e9t hallgatott \u00e9s \u00e9nekelt, a legt\u00f6bben ettek, ittak, \u00e9s egym\u00e1st heccelt\u00e9k. M\u00e1r itt elkezdett \u00f6ssze\u00e1llni a csapat, l\u00e1tszott, hogy nagyon j\u00f3 a hangulat.<\/p>\n<p>Az 5-6. \u00f3r\u00e1ban m\u00e1r kezdett elf\u00e1radni a csapat, hiszen az ablakot nem lehetett kinyitni, a l\u00e9gkondicion\u00e1l\u00f3 pedig el\u00e9g sov\u00e1nyan tolta a friss leveg\u0151t.<\/p>\n<p style=\"text-align: center;\">\n<object width=\"500\" height=\"334\" classid=\"clsid:d27cdb6e-ae6d-11cf-96b8-444553540000\" codebase=\"http:\/\/download.macromedia.com\/pub\/shockwave\/cabs\/flash\/swflash.cab#version=6,0,40,0\"><param name=\"pluginspage\" value=\"http:\/\/www.macromedia.com\/go\/getflashplayer\" \/><param name=\"flashvars\" value=\"host=picasaweb.google.com&amp;noautoplay=1&amp;hl=hu&amp;feat=flashalbum&amp;RGB=0x000000&amp;feed=https%3A%2F%2Fpicasaweb.google.com%2Fdata%2Ffeed%2Fapi%2Fuser%2Foltalomse%2Falbumid%2F5606491699890345665%3Falt%3Drss%26kind%3Dphoto%26hl%3Dhu\" \/><param name=\"src\" value=\"https:\/\/picasaweb.google.com\/s\/c\/bin\/slideshow.swf\" \/><embed width=\"500\" height=\"334\" type=\"application\/x-shockwave-flash\" src=\"https:\/\/picasaweb.google.com\/s\/c\/bin\/slideshow.swf\" pluginspage=\"http:\/\/www.macromedia.com\/go\/getflashplayer\" flashvars=\"host=picasaweb.google.com&amp;noautoplay=1&amp;hl=hu&amp;feat=flashalbum&amp;RGB=0x000000&amp;feed=https%3A%2F%2Fpicasaweb.google.com%2Fdata%2Ffeed%2Fapi%2Fuser%2Foltalomse%2Falbumid%2F5606491699890345665%3Falt%3Drss%26kind%3Dphoto%26hl%3Dhu\" \/><\/object><\/p>\n<p>Az utaz\u00e1s monot\u00f3ni\u00e1j\u00e1t egyetlen esem\u00e9ny t\u00f6rte meg: Belgr\u00e1dt\u00f3l nagyj\u00e1b\u00f3l m\u00e1sf\u00e9l \u00f3r\u00e1nyira sz\u00e1z futballszurkol\u00f3 sz\u00e1llt fel a vonatra, \u00e1llig felfegyverkezett, p\u00e1nc\u00e9los rohamrend\u0151r\u00f6k k\u00eds\u00e9ret\u00e9ben.<\/p>\n<p>Ezut\u00e1n kicsit nehezebb volt a folyos\u00f3n k\u00f6zlekedni, \u00e9s a mosd\u00f3 el\u0151tt is hosszabb lett a sor, de semmi k\u00fcl\u00f6n\u00f6s nem t\u00f6rt\u00e9nt: rend volt \u00e9s fegyelem.<\/p>\n<div>Kiss\u00e9 k\u00e9sve, este hatkor \u00e9rkezett meg a magyar deleg\u00e1ci\u00f3, ahol m\u00e1r v\u00e1rtjuk a szervez\u0151k \u00e1ltal odarendelt busz, \u00e9s egy kisebb csapat \u00f6nk\u00e9ntes is. Nagyon kedvesen fogadtak minket, \u00edgy a f\u00e1radts\u00e1g egy csap\u00e1sra elt\u0171nt, mindenki mosolygott.<br \/>\nA sz\u00e1lloda, nem tegnap \u00e9p\u00fclt, valamikor a 80-as \u00e9vekben lehetett \u00faj. Az id\u0151 alaposan megr\u00e1gta m\u00e1r, a legt\u00f6bb ajt\u00f3 nyikorog, a csap cs\u00f6p\u00f6g, de l\u00e9nyeg: minden tiszta, \u00e9s a vacsora tal\u00e1n nem volt vil\u00e1gbajnok, de a reggeli m\u00e1r finom \u00e9s b\u0151s\u00e9ges volt.<\/div>\n<div>Este bemutatkozott az \u00f6sszes csapat \u00e9s megtartott\u00e1k a sorsol\u00e1st is \u2013 mi a \u201eC\u201d csoportba ker\u00fclt\u00fcnk, \u00edgy h\u00e1t els\u0151 meccs\u00fcnket a portug\u00e1lokkal fogjuk j\u00e1tszani.A cs\u00fct\u00f6rt\u00f6ki program is az ismerked\u00e9s jegy\u00e9ben zajlik: a k\u00f6zeli sportcsarnokban, a DIF-ben gy\u0171lik \u00f6ssze a 250 fiatal, g\u00f6r\u00f6g\u00f6k, t\u00f6r\u00f6k\u00f6k, maced\u00f3nok, szerbek, \u00edrek, spanyolok, portug\u00e1lok&#8230; hatalmas \u00e9lm\u00e9ny lesz, k\u00e9s\u0151bb besz\u00e1molunk r\u00f3la.<br \/>\nEmellett l\u00e1zasan k\u00e9sz\u00fcl\u0151d\u00fcnk a bemutatkoz\u00f3 programunkra. Minden csapat el\u0151ad egy 5-8 perces kis produkci\u00f3t, amit a t\u00f6bbiek \u00e1ltal\u00e1ban kit\u00f6r\u0151 lelkesed\u00e9ssel \u00e9s tapssal jutalmaznak. Rem\u00e9lj\u00fck, a mi\u00e9nk is tetszeni fog nekik \u2013 mi megtesz\u00fcnk mindent a sz\u00ednpadon is, \u00e9s majd a p\u00e1ly\u00e1n is.<\/p>\n<p>Zajk\u00f3 Roland<\/p>\n<p>Belgr\u00e1d 2011. m\u00e1jus 11.<\/p>\n<\/div>\n","protected":false},"excerpt":{"rendered":"<p>A csapat reggel 10 \u00f3rakor indult Budapestr\u0151l, a Keleti p\u00e1lyaudvarr\u00f3l. K\u00e9t egym\u00e1s melletti kabinban kapott helyet a 8 fiatal \u00e9s a h\u00e1rom k\u00eds\u00e9r\u0151 feln\u0151tt. Volt, aki olvasott, volt aki zen\u00e9t hallgatott \u00e9s \u00e9nekelt, a legt\u00f6bben ettek, ittak, \u00e9s egym\u00e1st heccelt\u00e9k. M\u00e1r itt elkezdett \u00f6ssze\u00e1llni a csapat, l\u00e1tszott, hogy nagyon j\u00f3 a hangulat. Az 5-6. \u00f3r\u00e1ban &hellip; <a href=\"https:\/\/utcaifoci.hu\/?p=194\" class=\"more-link\">Continue reading <span class=\"screen-reader-text\">Szerda, az utaz\u00e1s napja<\/span> <span class=\"meta-nav\">&rarr;<\/span><\/a><\/p>\n","protected":false},"author":1,"featured_media":0,"comment_status":"open","ping_status":"open","sticky":false,"template":"","format":"standard","meta":{"footnotes":""},"categories":[13],"tags":[],"class_list":["post-194","post","type-post","status-publish","format-standard","hentry","category-europai-utcai-foci-fesztival"],"_links":{"self":[{"href":"https:\/\/utcaifoci.hu\/index.php?rest_route=\/wp\/v2\/posts\/194","targetHints":{"allow":["GET"]}}],"collection":[{"href":"https:\/\/utcaifoci.hu\/index.php?rest_route=\/wp\/v2\/posts"}],"about":[{"href":"https:\/\/utcaifoci.hu\/index.php?rest_route=\/wp\/v2\/types\/post"}],"author":[{"embeddable":true,"href":"https:\/\/utcaifoci.hu\/index.php?rest_route=\/wp\/v2\/users\/1"}],"replies":[{"embeddable":true,"href":"https:\/\/utcaifoci.hu\/index.php?rest_route=%2Fwp%2Fv2%2Fcomments&post=194"}],"version-history":[{"count":1,"href":"https:\/\/utcaifoci.hu\/index.php?rest_route=\/wp\/v2\/posts\/194\/revisions"}],"predecessor-version":[{"id":195,"href":"https:\/\/utcaifoci.hu\/index.php?rest_route=\/wp\/v2\/posts\/194\/revisions\/195"}],"wp:attachment":[{"href":"https:\/\/utcaifoci.hu\/index.php?rest_route=%2Fwp%2Fv2%2Fmedia&parent=194"}],"wp:term":[{"taxonomy":"category","embeddable":true,"href":"https:\/\/utcaifoci.hu\/index.php?rest_route=%2Fwp%2Fv2%2Fcategories&post=194"},{"taxonomy":"post_tag","embeddable":true,"href":"https:\/\/utcaifoci.hu\/index.php?rest_route=%2Fwp%2Fv2%2Ftags&post=194"}],"curies":[{"name":"wp","href":"https:\/\/api.w.org\/{rel}","templated":true}]}}