{"id":192,"date":"2011-05-12T23:57:38","date_gmt":"2011-05-12T22:57:38","guid":{"rendered":"http:\/\/utcaifoci.hu\/?p=192"},"modified":"2012-03-25T00:00:09","modified_gmt":"2012-03-24T23:00:09","slug":"csutortok-az-elso-igazi-nap-belgradban","status":"publish","type":"post","link":"https:\/\/utcaifoci.hu\/?p=192","title":{"rendered":"Cs\u00fct\u00f6rt\u00f6k, az els\u0151 igazi nap Belgr\u00e1dban"},"content":{"rendered":"<p>Ahogy arr\u00f3l m\u00e1r tegnap is sz\u00f3 esett, a cs\u00fct\u00f6rt\u00f6k az ismerked\u00e9s jegy\u00e9ben telt.<\/p>\n<p>D\u00e9lel\u0151tt 16 vegyes csapat versengett egym\u00e1ssal a k\u00f6zs\u00e9gi sportcsarnokban, a DIF-ben. \u00cdgy a fiataloknak alkalmuk volt megismerkedni a t\u00f6r\u00f6k\u00f6kkel, maced\u00f3nokkal, szerbekkel, \u00edrekkel&#8230; \u00e9s m\u00e9g sorolhatn\u00e1nk, kik voltak ott. V\u00e9gre volt egy kis mozg\u00e1s, \u00e9s ez szemmel l\u00e1that\u00f3an mindenkinek j\u00f3t tett.<\/p>\n<p>Mi is, mint csapat, egyre er\u0151sebbek vagyunk. Lassan m\u00e1r a legz\u00e1rk\u00f3zottabbak is kiny\u00edlnak, \u00e9s mindenki igyekszik a legszebb oldal\u00e1t mutatni a t\u00f6bbieknek.<\/p>\n<p style=\"text-align: center;\">\n<object width=\"500\" height=\"334\" classid=\"clsid:d27cdb6e-ae6d-11cf-96b8-444553540000\" codebase=\"http:\/\/download.macromedia.com\/pub\/shockwave\/cabs\/flash\/swflash.cab#version=6,0,40,0\"><param name=\"src\" value=\"https:\/\/picasaweb.google.com\/s\/c\/bin\/slideshow.swf\" \/><param name=\"flashvars\" value=\"host=picasaweb.google.com&amp;noautoplay=1&amp;hl=hu&amp;feat=flashalbum&amp;RGB=0x000000&amp;feed=https%3A%2F%2Fpicasaweb.google.com%2Fdata%2Ffeed%2Fapi%2Fuser%2Foltalomse%2Falbumid%2F5606190318704379553%3Falt%3Drss%26kind%3Dphoto%26hl%3Dhu\" \/><param name=\"pluginspage\" value=\"http:\/\/www.macromedia.com\/go\/getflashplayer\" \/><embed width=\"500\" height=\"334\" type=\"application\/x-shockwave-flash\" src=\"https:\/\/picasaweb.google.com\/s\/c\/bin\/slideshow.swf\" flashvars=\"host=picasaweb.google.com&amp;noautoplay=1&amp;hl=hu&amp;feat=flashalbum&amp;RGB=0x000000&amp;feed=https%3A%2F%2Fpicasaweb.google.com%2Fdata%2Ffeed%2Fapi%2Fuser%2Foltalomse%2Falbumid%2F5606190318704379553%3Falt%3Drss%26kind%3Dphoto%26hl%3Dhu\" pluginspage=\"http:\/\/www.macromedia.com\/go\/getflashplayer\" \/><\/object><\/p>\n<p>Tal\u00e1n a nyelvi neh\u00e9zs\u00e9gek miatt is van, de mi mindig egy\u00fctt vagyunk: egy\u00fctt reggeliz\u00fcnk, egy\u00fctt eb\u00e9del\u00fcnk, egy\u00fctt vacsor\u00e1zunk, \u00e9s ma egy\u00fctt k\u00e9sz\u00fcl\u00fcnk az esti fell\u00e9p\u00e9sre \u2013 eddig fantasztikus produkci\u00f3kat l\u00e1ttunk, szeretn\u00e9nk mi is ezt a sort folytatni. \u00dagyhogy mostan\u00e1ban t\u00e1ncolunk, \u00e9nekl\u00fcnk, koreogr\u00e1fi\u00e1t tanulunk.<\/p>\n<p>A foci szombaton kezd\u0151dik.<br \/>\nCs\u00fct\u00f6rt\u00f6k d\u00e9lut\u00e1nra is tartogattak a szervez\u0151k egy nagy durran\u00e1st: buszra \u00fcltettek minket, \u00e9s egy haj\u00f3k\u00e1z\u00e1s keret\u00e9n bel\u00fcl megn\u00e9zt\u00fck Belgr\u00e1d nevezetess\u00e9geit, legal\u00e1bbis azokat, amelyek l\u00e1tszanak a Dun\u00e1r\u00f3l.<br \/>\nHatalmas \u00e9lm\u00e9ny volt mindenkinek, hiszen emeletes buszon \u00e9s emeletes haj\u00f3n utaztunk, ami az\u00e9rt nem mindennap t\u00f6rt\u00e9nik meg az emberrel. Ricsi \u00e9s Jani visszafel\u00e9 r\u00e1ad\u00e1sul az els\u0151 sorban \u00fcltek, \u00edgy nekik igaz\u00e1n fejedelmi dolguk volt!<br \/>\nA haj\u00f3\u00fat nagyj\u00e1b\u00f3l k\u00e9t \u00f3r\u00e1s volt \u2013 el\u0151tte ell\u00e1ttak minket uzsonn\u00e1val \u2013 \u00e9s mint mindig, most is egy hatalmas buli lett az eg\u00e9szb\u0151l.<br \/>\nAzt mondom, mint mindig, mert itt t\u00e9nyleg ez t\u00f6rt\u00e9nik: minden este, mindig, mikor egy\u00fctt van ez a 200-250 ember, hihetetlen j\u00f3 a hangulat. Lehet d\u00e9lel\u0151tt t\u00edz \u00f3ra, kora d\u00e9lut\u00e1n vagy este 11.- nem sz\u00e1m\u00edt, a j\u00f3kedv garant\u00e1lt.<br \/>\nMindek\u00f6zben persze a fegyelem is fontos, \u00e9s ebben a mi l\u00e1nyaink \u00e9s fiaink el\u00f6l, j\u00e1rnak. Pontosak vagyunk, id\u0151ben kel\u00fcnk \u00e9s feksz\u00fcnk. Nagyon j\u00f3 l\u00e1tni, hogy a j\u00f3kedv \u00e9s a rend, az \u00f6r\u00f6mteli buliz\u00e1s \u00e9s a rendezetts\u00e9g ilyen j\u00f3l megf\u00e9rnek egym\u00e1s mellett!<\/p>\n<p>Zajk\u00f3 Roland<br \/>\nBelgr\u00e1d. 2011. m\u00e1jus 12.<\/p>\n","protected":false},"excerpt":{"rendered":"<p>Ahogy arr\u00f3l m\u00e1r tegnap is sz\u00f3 esett, a cs\u00fct\u00f6rt\u00f6k az ismerked\u00e9s jegy\u00e9ben telt. D\u00e9lel\u0151tt 16 vegyes csapat versengett egym\u00e1ssal a k\u00f6zs\u00e9gi sportcsarnokban, a DIF-ben. \u00cdgy a fiataloknak alkalmuk volt megismerkedni a t\u00f6r\u00f6k\u00f6kkel, maced\u00f3nokkal, szerbekkel, \u00edrekkel&#8230; \u00e9s m\u00e9g sorolhatn\u00e1nk, kik voltak ott. V\u00e9gre volt egy kis mozg\u00e1s, \u00e9s ez szemmel l\u00e1that\u00f3an mindenkinek j\u00f3t tett. Mi is, &hellip; <a href=\"https:\/\/utcaifoci.hu\/?p=192\" class=\"more-link\">Continue reading <span class=\"screen-reader-text\">Cs\u00fct\u00f6rt\u00f6k, az els\u0151 igazi nap Belgr\u00e1dban<\/span> <span class=\"meta-nav\">&rarr;<\/span><\/a><\/p>\n","protected":false},"author":1,"featured_media":0,"comment_status":"open","ping_status":"open","sticky":false,"template":"","format":"standard","meta":{"footnotes":""},"categories":[13],"tags":[],"class_list":["post-192","post","type-post","status-publish","format-standard","hentry","category-europai-utcai-foci-fesztival"],"_links":{"self":[{"href":"https:\/\/utcaifoci.hu\/index.php?rest_route=\/wp\/v2\/posts\/192","targetHints":{"allow":["GET"]}}],"collection":[{"href":"https:\/\/utcaifoci.hu\/index.php?rest_route=\/wp\/v2\/posts"}],"about":[{"href":"https:\/\/utcaifoci.hu\/index.php?rest_route=\/wp\/v2\/types\/post"}],"author":[{"embeddable":true,"href":"https:\/\/utcaifoci.hu\/index.php?rest_route=\/wp\/v2\/users\/1"}],"replies":[{"embeddable":true,"href":"https:\/\/utcaifoci.hu\/index.php?rest_route=%2Fwp%2Fv2%2Fcomments&post=192"}],"version-history":[{"count":1,"href":"https:\/\/utcaifoci.hu\/index.php?rest_route=\/wp\/v2\/posts\/192\/revisions"}],"predecessor-version":[{"id":193,"href":"https:\/\/utcaifoci.hu\/index.php?rest_route=\/wp\/v2\/posts\/192\/revisions\/193"}],"wp:attachment":[{"href":"https:\/\/utcaifoci.hu\/index.php?rest_route=%2Fwp%2Fv2%2Fmedia&parent=192"}],"wp:term":[{"taxonomy":"category","embeddable":true,"href":"https:\/\/utcaifoci.hu\/index.php?rest_route=%2Fwp%2Fv2%2Fcategories&post=192"},{"taxonomy":"post_tag","embeddable":true,"href":"https:\/\/utcaifoci.hu\/index.php?rest_route=%2Fwp%2Fv2%2Ftags&post=192"}],"curies":[{"name":"wp","href":"https:\/\/api.w.org\/{rel}","templated":true}]}}