{"id":190,"date":"2011-05-13T23:55:24","date_gmt":"2011-05-13T22:55:24","guid":{"rendered":"http:\/\/utcaifoci.hu\/?p=190"},"modified":"2012-03-24T23:56:54","modified_gmt":"2012-03-24T22:56:54","slug":"meg-100-nap-a-verseny-kezdeteig","status":"publish","type":"post","link":"https:\/\/utcaifoci.hu\/?p=190","title":{"rendered":"M\u00e9g 100 nap a verseny kezdet\u00e9ig!"},"content":{"rendered":"<p>K\u00f6zeledik a 2011-es p\u00e1rizsi Hajl\u00e9ktalan Vil\u00e1gbajnoks\u00e1g kezdete<\/p>\n<p>A 9. Homeless World Cup, a minden \u00e9vben megrendezett futball verseny 64 nemzetet fogad a vil\u00e1g minden r\u00e9sz\u00e9r\u0151l. A verseny h\u00e1zigazd\u00e1ja id\u00e9n Franciaorsz\u00e1g lesz. A nemzetk\u00f6zi esem\u00e9nyen r\u00e9szt vesz a vil\u00e1gbajnok Braz\u00edlia, \u00e9s az els\u0151 alkalommal szerepl\u0151 Indon\u00e9zia csapata is. 16 csapat vesz r\u00e9szt majd a N\u0151i Vil\u00e1gbajnoks\u00e1gon, Kanada, Franciaorsz\u00e1g, Kenya \u00e9s Sk\u00f3cia n\u0151i csapata id\u00e9n el\u0151sz\u00f6r.<\/p>\n<p style=\"text-align: center;\"><object width=\"500\" height=\"334\" classid=\"clsid:d27cdb6e-ae6d-11cf-96b8-444553540000\" codebase=\"http:\/\/download.macromedia.com\/pub\/shockwave\/cabs\/flash\/swflash.cab#version=6,0,40,0\"><param name=\"src\" value=\"https:\/\/picasaweb.google.com\/s\/c\/bin\/slideshow.swf\" \/><param name=\"flashvars\" value=\"host=picasaweb.google.com&amp;noautoplay=1&amp;hl=hu&amp;feat=flashalbum&amp;RGB=0x000000&amp;feed=https%3A%2F%2Fpicasaweb.google.com%2Fdata%2Ffeed%2Fapi%2Fuser%2Foltalomse%2Falbumid%2F5606489710270077617%3Falt%3Drss%26kind%3Dphoto%26hl%3Dhu\" \/><param name=\"pluginspage\" value=\"http:\/\/www.macromedia.com\/go\/getflashplayer\" \/><embed width=\"500\" height=\"334\" type=\"application\/x-shockwave-flash\" src=\"https:\/\/picasaweb.google.com\/s\/c\/bin\/slideshow.swf\" flashvars=\"host=picasaweb.google.com&amp;noautoplay=1&amp;hl=hu&amp;feat=flashalbum&amp;RGB=0x000000&amp;feed=https%3A%2F%2Fpicasaweb.google.com%2Fdata%2Ffeed%2Fapi%2Fuser%2Foltalomse%2Falbumid%2F5606489710270077617%3Falt%3Drss%26kind%3Dphoto%26hl%3Dhu\" pluginspage=\"http:\/\/www.macromedia.com\/go\/getflashplayer\" \/><\/object><\/p>\n<div>\n<p>Mel Young, a Homeless World Cup eln\u00f6ke \u00e9s egyik alap\u00edt\u00f3ja nyilatkozta: \u201eA P\u00e1rizs 2011 Vil\u00e1gbajnoks\u00e1g ism\u00e9t \u00f3ri\u00e1si lehet\u0151s\u00e9g a hajl\u00e9ktalan emberek sz\u00e1m\u00e1ra, hogy egy vil\u00e1grasz\u00f3l\u00f3 futball versenyen vegyenek r\u00e9szt, b\u00fcszk\u00e9n \u00e1lljanak ki maguk\u00e9rt \u00e9s legyenek orsz\u00e1gaik kipr\u00f3b\u00e1lt nagyk\u00f6vetei.\u201d<\/p>\n<p>A P\u00e1rizs 2011 Homeless World Cup-ot az Eiffel-torony melletti Mars-mez\u0151n rendezik meg 2011. augusztus 21. \u00e9s 28. k\u00f6z\u00f6tt.<\/p>\n<p>Magyarorsz\u00e1got id\u00e9n is, mint 2006 \u00f3ta minden \u00e9vben az Oltalom Sportegyes\u00fclet \u00e1ltal deleg\u00e1lt Utcaifutball v\u00e1logatott fogja k\u00e9pviselni. A felk\u00e9sz\u00fcl\u00e9s m\u00e1r nagyer\u0151kkel zajlik heti n\u00e9gy edz\u00e9s \u00e9s rendszeres kisebb h\u00e1zi bajnoks\u00e1gokon val\u00f3 r\u00e9szv\u00e9telekkel.<br \/>\nTov\u00e1bb\u00e1 tervben van, hogy id\u00e9n el\u0151sz\u00f6r a F\u0151v\u00e1rosi \u00d6nkorm\u00e1nyzat \u00e1ltal deleg\u00e1lt csapatot is kih\u00edv a Magyar Utcaifutball V\u00e1logatott egy bar\u00e1ts\u00e1gos felk\u00e9sz\u00fcl\u00e9si m\u00e9rk\u0151z\u00e9sre.<\/p>\n<\/div>\n","protected":false},"excerpt":{"rendered":"<p>K\u00f6zeledik a 2011-es p\u00e1rizsi Hajl\u00e9ktalan Vil\u00e1gbajnoks\u00e1g kezdete A 9. Homeless World Cup, a minden \u00e9vben megrendezett futball verseny 64 nemzetet fogad a vil\u00e1g minden r\u00e9sz\u00e9r\u0151l. A verseny h\u00e1zigazd\u00e1ja id\u00e9n Franciaorsz\u00e1g lesz. A nemzetk\u00f6zi esem\u00e9nyen r\u00e9szt vesz a vil\u00e1gbajnok Braz\u00edlia, \u00e9s az els\u0151 alkalommal szerepl\u0151 Indon\u00e9zia csapata is. 16 csapat vesz r\u00e9szt majd a N\u0151i Vil\u00e1gbajnoks\u00e1gon, &hellip; <a href=\"https:\/\/utcaifoci.hu\/?p=190\" class=\"more-link\">Continue reading <span class=\"screen-reader-text\">M\u00e9g 100 nap a verseny kezdet\u00e9ig!<\/span> <span class=\"meta-nav\">&rarr;<\/span><\/a><\/p>\n","protected":false},"author":1,"featured_media":0,"comment_status":"open","ping_status":"open","sticky":false,"template":"","format":"standard","meta":{"footnotes":""},"categories":[10],"tags":[],"class_list":["post-190","post","type-post","status-publish","format-standard","hentry","category-hwc"],"_links":{"self":[{"href":"https:\/\/utcaifoci.hu\/index.php?rest_route=\/wp\/v2\/posts\/190","targetHints":{"allow":["GET"]}}],"collection":[{"href":"https:\/\/utcaifoci.hu\/index.php?rest_route=\/wp\/v2\/posts"}],"about":[{"href":"https:\/\/utcaifoci.hu\/index.php?rest_route=\/wp\/v2\/types\/post"}],"author":[{"embeddable":true,"href":"https:\/\/utcaifoci.hu\/index.php?rest_route=\/wp\/v2\/users\/1"}],"replies":[{"embeddable":true,"href":"https:\/\/utcaifoci.hu\/index.php?rest_route=%2Fwp%2Fv2%2Fcomments&post=190"}],"version-history":[{"count":1,"href":"https:\/\/utcaifoci.hu\/index.php?rest_route=\/wp\/v2\/posts\/190\/revisions"}],"predecessor-version":[{"id":191,"href":"https:\/\/utcaifoci.hu\/index.php?rest_route=\/wp\/v2\/posts\/190\/revisions\/191"}],"wp:attachment":[{"href":"https:\/\/utcaifoci.hu\/index.php?rest_route=%2Fwp%2Fv2%2Fmedia&parent=190"}],"wp:term":[{"taxonomy":"category","embeddable":true,"href":"https:\/\/utcaifoci.hu\/index.php?rest_route=%2Fwp%2Fv2%2Fcategories&post=190"},{"taxonomy":"post_tag","embeddable":true,"href":"https:\/\/utcaifoci.hu\/index.php?rest_route=%2Fwp%2Fv2%2Ftags&post=190"}],"curies":[{"name":"wp","href":"https:\/\/api.w.org\/{rel}","templated":true}]}}