{"id":163,"date":"2011-08-19T17:15:03","date_gmt":"2011-08-19T16:15:03","guid":{"rendered":"http:\/\/utcaifoci.hu\/?p=163"},"modified":"2012-03-24T23:35:00","modified_gmt":"2012-03-24T22:35:00","slug":"elindult-parizsba-a-a-magyar-utcai-futball-valogatott","status":"publish","type":"post","link":"https:\/\/utcaifoci.hu\/?p=163","title":{"rendered":"Elindult P\u00e1rizsba a a Magyar Utcai  Futball V\u00e1logatott"},"content":{"rendered":"<p>Elindult P\u00e1rizsba a a Magyar Utcai Futball V\u00e1logatott, hogy r\u00e9szt vegyen az Eiffel-torony \u00e1rny\u00e9k\u00e1ban megrendez\u00e9sre ker\u00fcl\u0151 9. Homeless World Cup-on. Az Oltalom Sportegyes\u00fclet szervez\u00e9s\u00e9ben 8 j\u00e1t\u00e9kos \u00e9s 2 k\u00eds\u00e9r\u0151 fogja k\u00e9pviselni a magyar futballt a rendezv\u00e9nyen, ahol 64 orsz\u00e1g focist\u00e1i m\u00e9rik \u00f6ssze tud\u00e1sukat.<\/p>\n<p>A f\u00e9l\u00e9ves felk\u00e9sz\u00fcl\u00e9s \u00e9s az utaz\u00e1si k\u00f6lts\u00e9g magyar illetve, amerikai mag\u00e1nszem\u00e9lyek t\u00e1mogat\u00e1s\u00e1b\u00f3l val\u00f3sult meg. 2011-ben szervezet\u00fcnk egy fill\u00e9r \u00e1llami t\u00e1mogat\u00e1st nem kapott.<\/p>\n<p>V\u00e1rhat\u00f3an 2011. augusztus 21-\u00e9n az Eiffel-torony t\u00f6v\u00e9ben felcsend\u00fcl majd a magyar himnusz, melyet k\u00f6vet\u0151en j\u00e1t\u00e9kosaink egy h\u00e9ten kereszt\u00fcl bizony\u00edthatj\u00e1k, hogy l\u00e9tezik m\u00e9g nemzetk\u00f6zi sz\u00ednvonal\u00fa magyar futball.<\/p>\n<p style=\"text-align: center;\"><a href=\"http:\/\/hvg.hu\/nagyitas\/20110608_hajlektalanfoci_magyarorszagon_nagyitas\" target=\"_blank\"><img loading=\"lazy\" decoding=\"async\" src=\"http:\/\/img1.hvg.hu\/image.aspx?id=0e1008d1-285f-4091-8eb9-3b2a10e32e9c&amp;view=77b35f82-3c9f-4f85-88fe-7bbfe9f7ce2c\" alt=\"\" width=\"500\" height=\"333\" border=\"0\" \/><\/a><\/p>\n<p style=\"text-align: center;\"><a href=\"http:\/\/hvg.hu\/nagyitas\/20110608_hajlektalanfoci_magyarorszagon_nagyitas\" target=\"_blank\">http:\/\/hvg.hu\/nagyitas\/20110608_hajlektalanfoci_magyarorszagon_nagyitas<\/a><\/p>\n","protected":false},"excerpt":{"rendered":"<p>Elindult P\u00e1rizsba a a Magyar Utcai Futball V\u00e1logatott, hogy r\u00e9szt vegyen az Eiffel-torony \u00e1rny\u00e9k\u00e1ban megrendez\u00e9sre ker\u00fcl\u0151 9. Homeless World Cup-on. Az Oltalom Sportegyes\u00fclet szervez\u00e9s\u00e9ben 8 j\u00e1t\u00e9kos \u00e9s 2 k\u00eds\u00e9r\u0151 fogja k\u00e9pviselni a magyar futballt a rendezv\u00e9nyen, ahol 64 orsz\u00e1g focist\u00e1i m\u00e9rik \u00f6ssze tud\u00e1sukat. A f\u00e9l\u00e9ves felk\u00e9sz\u00fcl\u00e9s \u00e9s az utaz\u00e1si k\u00f6lts\u00e9g magyar illetve, amerikai mag\u00e1nszem\u00e9lyek t\u00e1mogat\u00e1s\u00e1b\u00f3l &hellip; <a href=\"https:\/\/utcaifoci.hu\/?p=163\" class=\"more-link\">Continue reading <span class=\"screen-reader-text\">Elindult P\u00e1rizsba a a Magyar Utcai  Futball V\u00e1logatott<\/span> <span class=\"meta-nav\">&rarr;<\/span><\/a><\/p>\n","protected":false},"author":1,"featured_media":0,"comment_status":"open","ping_status":"open","sticky":false,"template":"","format":"standard","meta":{"footnotes":""},"categories":[10],"tags":[],"class_list":["post-163","post","type-post","status-publish","format-standard","hentry","category-hwc"],"_links":{"self":[{"href":"https:\/\/utcaifoci.hu\/index.php?rest_route=\/wp\/v2\/posts\/163","targetHints":{"allow":["GET"]}}],"collection":[{"href":"https:\/\/utcaifoci.hu\/index.php?rest_route=\/wp\/v2\/posts"}],"about":[{"href":"https:\/\/utcaifoci.hu\/index.php?rest_route=\/wp\/v2\/types\/post"}],"author":[{"embeddable":true,"href":"https:\/\/utcaifoci.hu\/index.php?rest_route=\/wp\/v2\/users\/1"}],"replies":[{"embeddable":true,"href":"https:\/\/utcaifoci.hu\/index.php?rest_route=%2Fwp%2Fv2%2Fcomments&post=163"}],"version-history":[{"count":2,"href":"https:\/\/utcaifoci.hu\/index.php?rest_route=\/wp\/v2\/posts\/163\/revisions"}],"predecessor-version":[{"id":165,"href":"https:\/\/utcaifoci.hu\/index.php?rest_route=\/wp\/v2\/posts\/163\/revisions\/165"}],"wp:attachment":[{"href":"https:\/\/utcaifoci.hu\/index.php?rest_route=%2Fwp%2Fv2%2Fmedia&parent=163"}],"wp:term":[{"taxonomy":"category","embeddable":true,"href":"https:\/\/utcaifoci.hu\/index.php?rest_route=%2Fwp%2Fv2%2Fcategories&post=163"},{"taxonomy":"post_tag","embeddable":true,"href":"https:\/\/utcaifoci.hu\/index.php?rest_route=%2Fwp%2Fv2%2Ftags&post=163"}],"curies":[{"name":"wp","href":"https:\/\/api.w.org\/{rel}","templated":true}]}}