{"id":161,"date":"2011-08-21T21:31:19","date_gmt":"2011-08-21T20:31:19","guid":{"rendered":"http:\/\/utcaifoci.hu\/?p=161"},"modified":"2012-03-24T23:32:08","modified_gmt":"2012-03-24T22:32:08","slug":"megerkezett-parizsba-a-magyar-hajlektalan-valogatott","status":"publish","type":"post","link":"https:\/\/utcaifoci.hu\/?p=161","title":{"rendered":"Meg\u00e9rkezett P\u00e1rizsba a Magyar Hajl\u00e9ktalan V\u00e1logatott"},"content":{"rendered":"<p>Meg\u00e9rkezett P\u00e1rizsba a Magyar Hajl\u00e9ktalan V\u00e1logatott. A r\u00f6vid rep\u00fcl\u0151 utat hossz\u00fa metr\u00f3z\u00e1s k\u00f6vette a sz\u00e1ll\u00e1sra. M\u00e1snap a hivatalos megnyit\u00f3 alkalm\u00e1val lebonyol\u00edtott sorsol\u00e1son, egy csoportba ker\u00fclt\u00fcnk a finnekkel, a spanyolokkal, a horv\u00e1tokkal, az oroszokkal \u00e9s a chileiekkel.<\/p>\n<p>Az els\u0151 meccsnapon a csoport \u00e9s a bajnoks\u00e1g egyik leger\u0151sebb csapat\u00e1val, az oroszokkal kezdt\u00fcnk \u00e9s term\u00e9szetesen a pap\u00edrforma szerint cs\u00fany\u00e1n el is vert\u00e9k a csapatunkat a mindenre elsz\u00e1nt oroszok. Siker\u00fclt ugyan k\u00e9t g\u00f3lt is r\u00fagni az oroszoknak, de sajnos nekik 10 el t\u00f6bbsz\u00f6r siker\u00fclt a kapunkba tal\u00e1lni \u00edgy a v\u00e9geredm\u00e9ny 2:12.<\/p>\n<p>Term\u00e9szetesen a tov\u00e1bbjut\u00e1sra m\u00e9g van matematikai es\u00e9ly\u00fcnk. Ha siker\u00fclt a h\u00e1tral\u00e9v\u0151 4 csoport m\u00e9rk\u0151z\u00e9sb\u0151l legal\u00e1bb 3-at megnyerni, akkor beker\u00fcl\u00fcnk a legjobb 24 csapat k\u00f6z\u00e9.<\/p>\n<p>22.\u00e9n d\u00e9lel\u00f6tt a finnekkel d\u00e9lut\u00e1n a horv\u00e1tokkal j\u00e1tszuk.<\/p>\n<p>&nbsp;<\/p>\n<p style=\"text-align: center;\"><object width=\"500\" height=\"334\" classid=\"clsid:d27cdb6e-ae6d-11cf-96b8-444553540000\" codebase=\"http:\/\/download.macromedia.com\/pub\/shockwave\/cabs\/flash\/swflash.cab#version=6,0,40,0\"><param name=\"pluginspage\" value=\"http:\/\/www.macromedia.com\/go\/getflashplayer\" \/><param name=\"flashvars\" value=\"host=picasaweb.google.com&amp;noautoplay=1&amp;hl=hu&amp;feat=flashalbum&amp;RGB=0x000000&amp;feed=https%3A%2F%2Fpicasaweb.google.com%2Fdata%2Ffeed%2Fapi%2Fuser%2Foltalomse%2Falbumid%2F5643601021222060337%3Falt%3Drss%26kind%3Dphoto%26hl%3Dhu\" \/><param name=\"src\" value=\"https:\/\/picasaweb.google.com\/s\/c\/bin\/slideshow.swf\" \/><embed width=\"500\" height=\"334\" type=\"application\/x-shockwave-flash\" src=\"https:\/\/picasaweb.google.com\/s\/c\/bin\/slideshow.swf\" pluginspage=\"http:\/\/www.macromedia.com\/go\/getflashplayer\" flashvars=\"host=picasaweb.google.com&amp;noautoplay=1&amp;hl=hu&amp;feat=flashalbum&amp;RGB=0x000000&amp;feed=https%3A%2F%2Fpicasaweb.google.com%2Fdata%2Ffeed%2Fapi%2Fuser%2Foltalomse%2Falbumid%2F5643601021222060337%3Falt%3Drss%26kind%3Dphoto%26hl%3Dhu\" \/><\/object><\/p>\n","protected":false},"excerpt":{"rendered":"<p>Meg\u00e9rkezett P\u00e1rizsba a Magyar Hajl\u00e9ktalan V\u00e1logatott. A r\u00f6vid rep\u00fcl\u0151 utat hossz\u00fa metr\u00f3z\u00e1s k\u00f6vette a sz\u00e1ll\u00e1sra. M\u00e1snap a hivatalos megnyit\u00f3 alkalm\u00e1val lebonyol\u00edtott sorsol\u00e1son, egy csoportba ker\u00fclt\u00fcnk a finnekkel, a spanyolokkal, a horv\u00e1tokkal, az oroszokkal \u00e9s a chileiekkel. Az els\u0151 meccsnapon a csoport \u00e9s a bajnoks\u00e1g egyik leger\u0151sebb csapat\u00e1val, az oroszokkal kezdt\u00fcnk \u00e9s term\u00e9szetesen a pap\u00edrforma szerint &hellip; <a href=\"https:\/\/utcaifoci.hu\/?p=161\" class=\"more-link\">Continue reading <span class=\"screen-reader-text\">Meg\u00e9rkezett P\u00e1rizsba a Magyar Hajl\u00e9ktalan V\u00e1logatott<\/span> <span class=\"meta-nav\">&rarr;<\/span><\/a><\/p>\n","protected":false},"author":1,"featured_media":0,"comment_status":"open","ping_status":"open","sticky":false,"template":"","format":"standard","meta":{"footnotes":""},"categories":[10],"tags":[],"class_list":["post-161","post","type-post","status-publish","format-standard","hentry","category-hwc"],"_links":{"self":[{"href":"https:\/\/utcaifoci.hu\/index.php?rest_route=\/wp\/v2\/posts\/161","targetHints":{"allow":["GET"]}}],"collection":[{"href":"https:\/\/utcaifoci.hu\/index.php?rest_route=\/wp\/v2\/posts"}],"about":[{"href":"https:\/\/utcaifoci.hu\/index.php?rest_route=\/wp\/v2\/types\/post"}],"author":[{"embeddable":true,"href":"https:\/\/utcaifoci.hu\/index.php?rest_route=\/wp\/v2\/users\/1"}],"replies":[{"embeddable":true,"href":"https:\/\/utcaifoci.hu\/index.php?rest_route=%2Fwp%2Fv2%2Fcomments&post=161"}],"version-history":[{"count":1,"href":"https:\/\/utcaifoci.hu\/index.php?rest_route=\/wp\/v2\/posts\/161\/revisions"}],"predecessor-version":[{"id":162,"href":"https:\/\/utcaifoci.hu\/index.php?rest_route=\/wp\/v2\/posts\/161\/revisions\/162"}],"wp:attachment":[{"href":"https:\/\/utcaifoci.hu\/index.php?rest_route=%2Fwp%2Fv2%2Fmedia&parent=161"}],"wp:term":[{"taxonomy":"category","embeddable":true,"href":"https:\/\/utcaifoci.hu\/index.php?rest_route=%2Fwp%2Fv2%2Fcategories&post=161"},{"taxonomy":"post_tag","embeddable":true,"href":"https:\/\/utcaifoci.hu\/index.php?rest_route=%2Fwp%2Fv2%2Ftags&post=161"}],"curies":[{"name":"wp","href":"https:\/\/api.w.org\/{rel}","templated":true}]}}