{"id":150,"date":"2011-08-25T18:17:47","date_gmt":"2011-08-25T17:17:47","guid":{"rendered":"http:\/\/utcaifoci.hu\/?p=150"},"modified":"2012-03-24T23:24:53","modified_gmt":"2012-03-24T22:24:53","slug":"a-franciaktol-kikaptunk-de-a-svedeket-megvertuk","status":"publish","type":"post","link":"https:\/\/utcaifoci.hu\/?p=150","title":{"rendered":"A franci\u00e1kt\u00f3l kikaptunk, de a sv\u00e9deket megvert\u00fck"},"content":{"rendered":"<p>Az E csoportban k\u00e9t meccs\u00fcnk volt ma. A h\u00e1zigazda franci\u00e1kkal \u00e9s sv\u00e9dekkel j\u00e1tszottunk. Az els\u0151 m\u00e9rk\u0151z\u00e9st a franci\u00e1k nyert\u00e9k 10-7-re, de sv\u00e9deket legy\u0151zt\u00fck 9-1-re. Holnap a g\u00f6r\u00f6g\u00f6kkel \u00e9s a kanadaiakkal j\u00e1tszunk.<\/p>\n<p style=\"text-align: center;\">\u00a0<object width=\"500\" height=\"334\" classid=\"clsid:d27cdb6e-ae6d-11cf-96b8-444553540000\" codebase=\"http:\/\/download.macromedia.com\/pub\/shockwave\/cabs\/flash\/swflash.cab#version=6,0,40,0\"><param name=\"src\" value=\"https:\/\/picasaweb.google.com\/s\/c\/bin\/slideshow.swf\" \/><param name=\"flashvars\" value=\"host=picasaweb.google.com&amp;captions=1&amp;noautoplay=1&amp;hl=hu&amp;feat=flashalbum&amp;RGB=0x000000&amp;feed=https%3A%2F%2Fpicasaweb.google.com%2Fdata%2Ffeed%2Fapi%2Fuser%2Foltalomse%2Falbumid%2F5644968290459256209%3Falt%3Drss%26kind%3Dphoto%26hl%3Dhu\" \/><param name=\"pluginspage\" value=\"http:\/\/www.macromedia.com\/go\/getflashplayer\" \/><embed width=\"500\" height=\"334\" type=\"application\/x-shockwave-flash\" src=\"https:\/\/picasaweb.google.com\/s\/c\/bin\/slideshow.swf\" flashvars=\"host=picasaweb.google.com&amp;captions=1&amp;noautoplay=1&amp;hl=hu&amp;feat=flashalbum&amp;RGB=0x000000&amp;feed=https%3A%2F%2Fpicasaweb.google.com%2Fdata%2Ffeed%2Fapi%2Fuser%2Foltalomse%2Falbumid%2F5644968290459256209%3Falt%3Drss%26kind%3Dphoto%26hl%3Dhu\" pluginspage=\"http:\/\/www.macromedia.com\/go\/getflashplayer\" \/><\/object><\/p>\n<p>A fancia-magyar meccs megn\u00e9zhet\u0151 itt:<\/p>\n<p><a href=\"http:\/\/video.homelessworldcup.org\/?cpak=4564718331672785&amp;pak=6164762766438408\" target=\"_blank\">http:\/\/video.homelessworldcup.org\/?cpak=4564718331672785&amp;pak=6164762766438408<\/a><\/p>\n<p>A sv\u00e9d-magyar meccs megn\u00e9zhet\u0151 itt:<\/p>\n<p><a href=\"http:\/\/video.homelessworldcup.org\/?cpak=8707623632453781&amp;pak=4742541230663732\" target=\"_blank\">http:\/\/video.homelessworldcup.org\/?cpak=8707623632453781&amp;pak=4742541230663732<\/a><\/p>\n","protected":false},"excerpt":{"rendered":"<p>Az E csoportban k\u00e9t meccs\u00fcnk volt ma. A h\u00e1zigazda franci\u00e1kkal \u00e9s sv\u00e9dekkel j\u00e1tszottunk. Az els\u0151 m\u00e9rk\u0151z\u00e9st a franci\u00e1k nyert\u00e9k 10-7-re, de sv\u00e9deket legy\u0151zt\u00fck 9-1-re. Holnap a g\u00f6r\u00f6g\u00f6kkel \u00e9s a kanadaiakkal j\u00e1tszunk. \u00a0 A fancia-magyar meccs megn\u00e9zhet\u0151 itt: http:\/\/video.homelessworldcup.org\/?cpak=4564718331672785&amp;pak=6164762766438408 A sv\u00e9d-magyar meccs megn\u00e9zhet\u0151 itt: http:\/\/video.homelessworldcup.org\/?cpak=8707623632453781&amp;pak=4742541230663732<\/p>\n","protected":false},"author":1,"featured_media":0,"comment_status":"open","ping_status":"open","sticky":false,"template":"","format":"standard","meta":{"footnotes":""},"categories":[10],"tags":[],"class_list":["post-150","post","type-post","status-publish","format-standard","hentry","category-hwc"],"_links":{"self":[{"href":"https:\/\/utcaifoci.hu\/index.php?rest_route=\/wp\/v2\/posts\/150","targetHints":{"allow":["GET"]}}],"collection":[{"href":"https:\/\/utcaifoci.hu\/index.php?rest_route=\/wp\/v2\/posts"}],"about":[{"href":"https:\/\/utcaifoci.hu\/index.php?rest_route=\/wp\/v2\/types\/post"}],"author":[{"embeddable":true,"href":"https:\/\/utcaifoci.hu\/index.php?rest_route=\/wp\/v2\/users\/1"}],"replies":[{"embeddable":true,"href":"https:\/\/utcaifoci.hu\/index.php?rest_route=%2Fwp%2Fv2%2Fcomments&post=150"}],"version-history":[{"count":3,"href":"https:\/\/utcaifoci.hu\/index.php?rest_route=\/wp\/v2\/posts\/150\/revisions"}],"predecessor-version":[{"id":152,"href":"https:\/\/utcaifoci.hu\/index.php?rest_route=\/wp\/v2\/posts\/150\/revisions\/152"}],"wp:attachment":[{"href":"https:\/\/utcaifoci.hu\/index.php?rest_route=%2Fwp%2Fv2%2Fmedia&parent=150"}],"wp:term":[{"taxonomy":"category","embeddable":true,"href":"https:\/\/utcaifoci.hu\/index.php?rest_route=%2Fwp%2Fv2%2Fcategories&post=150"},{"taxonomy":"post_tag","embeddable":true,"href":"https:\/\/utcaifoci.hu\/index.php?rest_route=%2Fwp%2Fv2%2Ftags&post=150"}],"curies":[{"name":"wp","href":"https:\/\/api.w.org\/{rel}","templated":true}]}}